{"id":7370,"date":"2020-03-27T08:48:42","date_gmt":"2020-03-27T07:48:42","guid":{"rendered":"https:\/\/www.projekt-kirche.de\/?p=7370"},"modified":"2020-05-08T14:55:29","modified_gmt":"2020-05-08T12:55:29","slug":"ueber-die-gegenwart-gottes","status":"publish","type":"post","link":"https:\/\/www.projekt-kirche.de\/?p=7370","title":{"rendered":"\u00dcber die Gegenwart Gottes"},"content":{"rendered":"<div class=\"shariff\" data-title=\"\u00dcber die Gegenwart Gottes\" data-info-url=\"http:\/\/ct.de\/-2467514\" data-backend-url=\"https:\/\/www.projekt-kirche.de\/wp-content\/plugins\/shariff-sharing\/backend\/index.php\" data-temp=\"\/tmp\" data-ttl=\"60\" data-service=\"gftr\" data-services='[\"googleplus\",\"facebook\",\"twitter\",\"reddit\",\"info\"]' data-image=\"\" data-url=\"https:\/\/www.projekt-kirche.de\/?p=7370\" data-lang=\"de\" data-theme=\"colored\" data-orientation=\"horizontal\"><\/div>\n<p>Geht es Dir auch oft so, dass Du die Gegenwart Gottes nicht sp\u00fcrst?  Dass Du denkst, dass Dir Gott nicht Nahe ist? Dass Gott nicht antwortet und Du seine Liebe und seinen Trost (zumindest emotional) nicht erf\u00e4hrst?<\/p>\n\n\n\n<p>Dann bist Du nicht allein \ud83d\ude09 . Und es ist auch nicht ungew\u00f6hnlich, dass das so ist. Die Beziehung zu Gott basiert eben nicht nur auf Gef\u00fchlen, genauso wie das auch bei Menschen so ist. Manchmal gibt es Zeiten von Trockenheit und empfundener Gottesferne. So beschreibt es zumindest auch Johannes von Kreuz:<\/p>\n\n\n\n<!--more-->\n\n\n\n<blockquote class=\"wp-block-quote is-layout-flow wp-block-quote-is-layout-flow\"><p>Wo hast du, Liebster dich verborgen? Warum mich seufzend hier zur\u00fcckgelassen? Dem Hirsche gleich bist du entflohen, Nachdem du Wunden mir geschlagen; Ich lief dir rufend nach, doch warst du schon entschwunden. [\u2026] \u201eWo hast du dich verborgen?\u201c Damit will sie sagen: Wort, mein Br\u00e4utigam, zeig mir den Ort, wo du dich verborgen hast. Mit diesen Worten bittet sie ihn um die Offenbarung seines g\u00f6ttlichen Wesens. Denn der Ort, wo der Sohn Gottes sich verborgen h\u00e4lt, ist nach den Worten des hl. Johannes (<a href=\"https:\/\/www.bibleserver.com\/NLB\/Johannes1%2C18\" class=\"bibleserver extern\" target=\"_blank\" rel=\"noopener noreferrer\">Joh 1,18<\/a>) der Scho\u00df des Vaters, n\u00e4mlich die g\u00f6ttliche Wesenheit, die f\u00fcr jedes sterbliche Auge unzug\u00e4nglich und jedem menschlichen Verstand verborgen ist. Darauf wollte auch Jesaja hinweisen, wenn er zu Gott sprach: [\u2026] \u201eWahrhaftig, du bist ein verborgener Gott\u201c (<a href=\"https:\/\/www.bibleserver.com\/NLB\/Jesaja45%2C15\" class=\"bibleserver extern\" target=\"_blank\" rel=\"noopener noreferrer\">Jes 45,15<\/a>). Daraus ist zu entnehmen, dass die au\u00dfergew\u00f6hnlichen Mitteilungen und Offenbarungen sowie die tiefen und erhabenen Erkenntnisse Gottes, die einer Seele in diesem Leben zuteil werden k\u00f6nnen, Gottes Wesenheit nicht kundgeben noch auch eine \u00c4hnlichkeit damit haben. Denn in Wahrheit bleibt er der Seele immer verborgen und sie muss ihn trotz dieser erhabenen Gnadenerweise als verborgen ansehen, in seiner Verborgenheit ihn suchen und ausrufen: \u201eWo hast du dich verborgen.\u201c Und in der Tat, wie die erhabenen Mitteilungen und die f\u00fchlbare Gegenwart kein Zeichen seiner gnadenvollen Anwesenheit in der Seele sind, so beweisen auch die Trockenheiten und der Mangel all dieser Gunstbezeugungen in keiner Weise seine Abwesenheit nach den Worten des Propheten Ijob: [\u2026] \u201eWenn er zu mir kommt, sehe ich ihn nicht, und geht er weg, merke ich es nicht\u201c (vgl. <a href=\"https:\/\/www.bibleserver.com\/NLB\/Hiob9%2C11\" class=\"bibleserver extern\" target=\"_blank\" rel=\"noopener noreferrer\">Ijob 9,11<\/a>). Damit will er zu verstehen geben, dass die Seele, wenn sie einer au\u00dfergew\u00f6hnlichen Mitteilung gew\u00fcrdigt wird, sei es auf dem Wege einer sinnlichen Wahrnehmung oder einer geistigen Erkenntnis, nicht im Glauben leben soll, es bestehe hierin der Besitz oder die klare und wesenhafte Anschauung Gottes. Mag die Wirkung dieser Gunstbezeugungen auch noch so tiefgehend sein, so soll sie dies doch nicht als ein Zeichen ansehen, als sei sie inniger mit Gott vereint oder fester in ihm begr\u00fcndet. Ebensowenig darf sie annehmen, dass Gott, wenn sie dieser sinnenf\u00e4lligen und geistigen Mitteilungen entbehrt und in Trockenheit, Finsternis und Verwirrung sich befindet, ihr ferner stehe als sonst. [\u2026] Was daher die Seele in diesem Verse vor allem im Auge hat, ist nicht blo\u00df die Bitte um inbr\u00fcnstige und f\u00fchlbare Andacht, da ja hierin ein deutlich gesicherter Besitz des Br\u00e4utigams in diesem Leben nicht besteht, es ist vielmehr das Verlangen nach der reinen Gegenwart und klaren Anschauung seiner Wesenheit, die sie im anderen Leben in ungest\u00f6rter Sicherheit und voller Befriedigung zu besitzen hofft.<\/p><cite><strong>Johannes vom Kreuz (1542-1591), Karmelit, Kirchenlehrer <\/strong><br><strong>aus &#8220;Geistlicher Gesang&#8221;, Strophe 1 (Vierter Band der S\u00e4mtlichen Werke von Johannes vom Kreuz, Geistlicher Gesang, M\u00fcnchen 1987, S. 25\u201327 (\u00dcbers.: P. Aloysius ab Immac. Conceptione), zitiert aus <a href=\"http:\/\/www.evangeliumtagfuertag.org\">Evangelium Tag f\u00fcr Tag<\/a>)<\/strong><\/cite><\/blockquote>\n\n\n\n<p><\/p>\n","protected":false},"excerpt":{"rendered":"<p>Geht es Dir auch oft so, dass Du die Gegenwart Gottes nicht sp\u00fcrst? Dass Du denkst, dass Dir Gott nicht Nahe ist? Dass Gott nicht antwortet und Du seine Liebe und seinen Trost (zumindest emotional) nicht erf\u00e4hrst? Dann bist Du nicht allein \ud83d\ude09 . Und es ist auch nicht ungew\u00f6hnlich, dass das so ist. Die [&hellip;]<\/p>\n","protected":false},"author":1,"featured_media":7366,"comment_status":"open","ping_status":"open","sticky":false,"template":"","format":"standard","meta":{"jetpack_post_was_ever_published":false,"_jetpack_newsletter_access":"","_jetpack_dont_email_post_to_subs":false,"_jetpack_newsletter_tier_id":0,"_jetpack_memberships_contains_paywalled_content":false,"_jetpack_memberships_contains_paid_content":false,"footnotes":""},"categories":[2],"tags":[],"class_list":["post-7370","post","type-post","status-publish","format-standard","has-post-thumbnail","hentry","category-allgemein"],"jetpack_featured_media_url":"https:\/\/i0.wp.com\/www.projekt-kirche.de\/wp-content\/uploads\/2020\/03\/wp-15852954019721716366803517168497-e1585296125525.jpg?fit=435%2C245&ssl=1","jetpack_shortlink":"https:\/\/wp.me\/p4Sdv6-1US","jetpack_sharing_enabled":true,"_links":{"self":[{"href":"https:\/\/www.projekt-kirche.de\/index.php?rest_route=\/wp\/v2\/posts\/7370","targetHints":{"allow":["GET"]}}],"collection":[{"href":"https:\/\/www.projekt-kirche.de\/index.php?rest_route=\/wp\/v2\/posts"}],"about":[{"href":"https:\/\/www.projekt-kirche.de\/index.php?rest_route=\/wp\/v2\/types\/post"}],"author":[{"embeddable":true,"href":"https:\/\/www.projekt-kirche.de\/index.php?rest_route=\/wp\/v2\/users\/1"}],"replies":[{"embeddable":true,"href":"https:\/\/www.projekt-kirche.de\/index.php?rest_route=%2Fwp%2Fv2%2Fcomments&post=7370"}],"version-history":[{"count":7,"href":"https:\/\/www.projekt-kirche.de\/index.php?rest_route=\/wp\/v2\/posts\/7370\/revisions"}],"predecessor-version":[{"id":8388,"href":"https:\/\/www.projekt-kirche.de\/index.php?rest_route=\/wp\/v2\/posts\/7370\/revisions\/8388"}],"wp:featuredmedia":[{"embeddable":true,"href":"https:\/\/www.projekt-kirche.de\/index.php?rest_route=\/wp\/v2\/media\/7366"}],"wp:attachment":[{"href":"https:\/\/www.projekt-kirche.de\/index.php?rest_route=%2Fwp%2Fv2%2Fmedia&parent=7370"}],"wp:term":[{"taxonomy":"category","embeddable":true,"href":"https:\/\/www.projekt-kirche.de\/index.php?rest_route=%2Fwp%2Fv2%2Fcategories&post=7370"},{"taxonomy":"post_tag","embeddable":true,"href":"https:\/\/www.projekt-kirche.de\/index.php?rest_route=%2Fwp%2Fv2%2Ftags&post=7370"}],"curies":[{"name":"wp","href":"https:\/\/api.w.org\/{rel}","templated":true}]}}