{"id":8379,"date":"2020-06-20T12:40:02","date_gmt":"2020-06-20T10:40:02","guid":{"rendered":"https:\/\/www.projekt-kirche.de\/?p=8379"},"modified":"2020-06-21T14:11:57","modified_gmt":"2020-06-21T12:11:57","slug":"ueber-die-nachfolge","status":"publish","type":"post","link":"https:\/\/www.projekt-kirche.de\/?p=8379","title":{"rendered":"\u00dcber die Nachfolge"},"content":{"rendered":"<div class=\"shariff\" data-title=\"\u00dcber die Nachfolge\" data-info-url=\"http:\/\/ct.de\/-2467514\" data-backend-url=\"https:\/\/www.projekt-kirche.de\/wp-content\/plugins\/shariff-sharing\/backend\/index.php\" data-temp=\"\/tmp\" data-ttl=\"60\" data-service=\"gftr\" data-services='[\"googleplus\",\"facebook\",\"twitter\",\"reddit\",\"info\"]' data-image=\"\" data-url=\"https:\/\/www.projekt-kirche.de\/?p=8379\" data-lang=\"de\" data-theme=\"colored\" data-orientation=\"horizontal\"><\/div>\n<ul class=\"wp-block-list\"><li>Was bedeutet Christsein praktisch?<\/li><li>Einfach an Jesus glauben und so weiter leben wir bisher?<\/li><li>Ist das wirklich Nachfolge?<\/li><li>Warum sollten wir Jesus \u00fcberhaut nachfolgen in unserem Leben?<\/li><\/ul>\n\n\n\n<p>Theodor von Studion (759-826), M\u00f6nch in Konstantinopel, hat dazu ein paar sehr sch\u00f6ne und bewegende Gedanken:<\/p>\n\n\n\n<!--more-->\n\n\n\n<blockquote class=\"wp-block-quote is-layout-flow wp-block-quote-is-layout-flow\"><p>Gedenkt der Wunder, die er an uns in der Vergangenheit getan hat (vgl. <a href=\"https:\/\/www.bibleserver.com\/NLB\/Psalm105%2C5\" class=\"bibleserver extern\" target=\"_blank\" rel=\"noopener noreferrer\">Ps 105,5<\/a>) und die er heute noch vollbringt. [\u2026] Meine geliebten Br\u00fcder, geben wir ihm f\u00fcr das, was er an uns getan hat, noch mehr zur\u00fcck, ja, geben wir ihm das, was wir ihm schuldig sind. Was will er denn anderes von uns, als dass wir ihn f\u00fcrchten, ihn lieben mit ganzem Herzen und mit unserem ganzen Denken (vgl. <a href=\"https:\/\/www.bibleserver.com\/NLB\/Matth%C3%A4us22%2C37\" class=\"bibleserver extern\" target=\"_blank\" rel=\"noopener noreferrer\">Mt 22,37<\/a>), ihn nachahmen so gut es m\u00f6glich ist in seiner Art, im Fleisch zu leben? Er ent\u00e4u\u00dferte sich selbst, indem er den Himmel verlie\u00df und auf die Erde herabstieg, damit auch wir unseren Gedanken und unserem eigenen Willen entsagen. Er war seinem Vater gehorsam, damit auch wir unverz\u00fcglich gehorchen [\u2026]. Er erniedrigte sich bis zum Tod (vgl. <a href=\"https:\/\/www.bibleserver.com\/NLB\/Philipper2%2C8\" class=\"bibleserver extern\" target=\"_blank\" rel=\"noopener noreferrer\">Phil 2,8<\/a>), damit auch ihr ihm darin \u00e4hnlich seid, damit auch ihr euch niederbeugt und euch in euren Gedanken, euren Taten, euren Worten und euren Gesten erniedrigt. Gibt es eine andere, wirkliche Ehre Gottes, als um Gottes Willen unter den Menschen ehrlos zu sein? [\u2026] Alles Niedrige und Verachtete hat mein Gott und Heiland erw\u00e4hlt, er, der unser Fleisch annahm, um zu vernichten, was unter den Menschen angesehen und wertvoll ist (vgl. <a href=\"https:\/\/www.bibleserver.com\/NLB\/1.Korinther1%2C27-28\" class=\"bibleserver extern\" target=\"_blank\" rel=\"noopener noreferrer\">1 Kor 1,27\u201328<\/a>). Deshalb kam er in einer H\u00f6hle zur Welt und wurde in eine Krippe gebettet, deshalb wurde er \u201eSohn des Zimmermanns\u201c und \u201eNazarener\u201c genannt, deshalb kleidete ihn nur eine einfache Tunika und ein einfacher Mantel, deshalb ging er zu Fu\u00df, kannte M\u00fchsal und Plage, wurde von den Juden gesteinigt (vgl. <a href=\"https:\/\/www.bibleserver.com\/NLB\/Johannes10%2C31\" class=\"bibleserver extern\" target=\"_blank\" rel=\"noopener noreferrer\">Joh 10,31<\/a>), beleidigt, verhaftet, gekreuzigt, mit einer Lanze durchbohrt, ins Grab gelegt und ist auferstanden. So m\u00f6chte er auch uns dazu bewegen, meine Br\u00fcder, dass wir vor den Engeln Gottes (vgl. <a href=\"https:\/\/www.bibleserver.com\/NLB\/Lukas12%2C8\" class=\"bibleserver extern\" target=\"_blank\" rel=\"noopener noreferrer\">Lk 12,8<\/a>; <a class=\"bibleserver extern\" rel=\"noreferrer noopener\" href=\"https:\/\/www.bibleserver.com\/EU\/Lukas15%2C10\" target=\"_blank\">15,10<\/a>) denselben Weg w\u00e4hlen wie er, damit wir mit ihm im Himmelreich gekr\u00f6nt werden, durch denselben Christus, unserem Herrn, dem mit dem Vater und dem Heiligen Geist alle Ehre und Macht geb\u00fchrt jetzt und in Ewigkeit. Amen<\/p><cite>Katechese 78 (Les Grandes Cat\u00e9ch\u00e8ses, coll. Spiritualit\u00e9 orientale n\u00b0 79, trad. F. de Montleau, \u00e9d. Bellefontaine, 2002, p. 530\u2013531; rev.; ins Dt. trad. \u00a9 Evangelizo)<\/cite><\/blockquote>\n","protected":false},"excerpt":{"rendered":"<p>Was bedeutet Christsein praktisch? Einfach an Jesus glauben und so weiter leben wir bisher? Ist das wirklich Nachfolge? Warum sollten wir Jesus \u00fcberhaut nachfolgen in unserem Leben? Theodor von Studion (759-826), M\u00f6nch in Konstantinopel, hat dazu ein paar sehr sch\u00f6ne und bewegende Gedanken:<\/p>\n","protected":false},"author":1,"featured_media":8838,"comment_status":"open","ping_status":"open","sticky":false,"template":"","format":"standard","meta":{"jetpack_post_was_ever_published":false,"_jetpack_newsletter_access":"","_jetpack_dont_email_post_to_subs":false,"_jetpack_newsletter_tier_id":0,"_jetpack_memberships_contains_paywalled_content":false,"_jetpack_memberships_contains_paid_content":false,"footnotes":""},"categories":[3,60],"tags":[],"class_list":["post-8379","post","type-post","status-publish","format-standard","has-post-thumbnail","hentry","category-christentum","category-nachfolge"],"jetpack_featured_media_url":"https:\/\/i0.wp.com\/www.projekt-kirche.de\/wp-content\/uploads\/2020\/06\/wp-15926483460353716956385941548067.jpg?fit=1280%2C1265&ssl=1","jetpack_shortlink":"https:\/\/wp.me\/p4Sdv6-2b9","jetpack_sharing_enabled":true,"_links":{"self":[{"href":"https:\/\/www.projekt-kirche.de\/index.php?rest_route=\/wp\/v2\/posts\/8379","targetHints":{"allow":["GET"]}}],"collection":[{"href":"https:\/\/www.projekt-kirche.de\/index.php?rest_route=\/wp\/v2\/posts"}],"about":[{"href":"https:\/\/www.projekt-kirche.de\/index.php?rest_route=\/wp\/v2\/types\/post"}],"author":[{"embeddable":true,"href":"https:\/\/www.projekt-kirche.de\/index.php?rest_route=\/wp\/v2\/users\/1"}],"replies":[{"embeddable":true,"href":"https:\/\/www.projekt-kirche.de\/index.php?rest_route=%2Fwp%2Fv2%2Fcomments&post=8379"}],"version-history":[{"count":7,"href":"https:\/\/www.projekt-kirche.de\/index.php?rest_route=\/wp\/v2\/posts\/8379\/revisions"}],"predecessor-version":[{"id":8846,"href":"https:\/\/www.projekt-kirche.de\/index.php?rest_route=\/wp\/v2\/posts\/8379\/revisions\/8846"}],"wp:featuredmedia":[{"embeddable":true,"href":"https:\/\/www.projekt-kirche.de\/index.php?rest_route=\/wp\/v2\/media\/8838"}],"wp:attachment":[{"href":"https:\/\/www.projekt-kirche.de\/index.php?rest_route=%2Fwp%2Fv2%2Fmedia&parent=8379"}],"wp:term":[{"taxonomy":"category","embeddable":true,"href":"https:\/\/www.projekt-kirche.de\/index.php?rest_route=%2Fwp%2Fv2%2Fcategories&post=8379"},{"taxonomy":"post_tag","embeddable":true,"href":"https:\/\/www.projekt-kirche.de\/index.php?rest_route=%2Fwp%2Fv2%2Ftags&post=8379"}],"curies":[{"name":"wp","href":"https:\/\/api.w.org\/{rel}","templated":true}]}}