{"id":8865,"date":"2020-07-12T18:17:07","date_gmt":"2020-07-12T16:17:07","guid":{"rendered":"https:\/\/www.projekt-kirche.de\/?p=8865"},"modified":"2020-07-13T07:21:30","modified_gmt":"2020-07-13T05:21:30","slug":"wenn-es-dir-schlecht-geht","status":"publish","type":"post","link":"https:\/\/www.projekt-kirche.de\/?p=8865","title":{"rendered":"Wenn es dir schlecht geht&#8230;"},"content":{"rendered":"<div class=\"shariff\" data-title=\"Wenn es dir schlecht geht&#8230;\" data-info-url=\"http:\/\/ct.de\/-2467514\" data-backend-url=\"https:\/\/www.projekt-kirche.de\/wp-content\/plugins\/shariff-sharing\/backend\/index.php\" data-temp=\"\/tmp\" data-ttl=\"60\" data-service=\"gftr\" data-services='[\"googleplus\",\"facebook\",\"twitter\",\"reddit\",\"info\"]' data-image=\"\" data-url=\"https:\/\/www.projekt-kirche.de\/?p=8865\" data-lang=\"de\" data-theme=\"colored\" data-orientation=\"horizontal\"><\/div>\n<p>Wie soll bzw. kann man mit Gott sprechen, wenn es einem schlecht geht? <\/p>\n\n\n\n<!--more-->\n\n\n\n<p>Alphons-Maria von Liguori (1696-1787), Bischof und Kirchenlehrer, sagt dazu:<\/p>\n\n\n\n<blockquote class=\"wp-block-quote is-layout-flow wp-block-quote-is-layout-flow\"><p>Es missf\u00e4llt Gott keinesfalls, wenn du dich manchmal sachte bei ihm beklagst. Hab keine Angst, ihm zu sagen: \u201eWarum, Herr, hast du dich so weit entfernt? (vgl. <a href=\"https:\/\/www.bibleserver.com\/NLB\/Psalm9%2C21\" class=\"bibleserver extern\" target=\"_blank\" rel=\"noopener noreferrer\">Ps 9,22<\/a> LXX). Du wei\u00dft sehr wohl, dass ich dich liebe und dass ich nach nichts anderem verlange als nach deiner Liebe. Um der Liebe willen rette mich, verlass mich nicht.\u201c Wenn die Trostlosigkeit lange andauert und du sehr gro\u00dfe Angst hast, dann vereine deine Stimme mit der Stimme Jesu, als er ohnm\u00e4chtig am Kreuz hing. Flehe um das g\u00f6ttliche Mitleid und sage: \u201eMein Gott, mein Gott, warum hast du mich verlassen?\u201c (<a href=\"https:\/\/www.bibleserver.com\/NLB\/Matth%C3%A4us27%2C46\" class=\"bibleserver extern\" target=\"_blank\" rel=\"noopener noreferrer\">Mt 27,46<\/a>). Mache dir aber diese Pr\u00fcfung zunutze: zun\u00e4chst um dich noch mehr zu dem\u00fctigen, indem du dir selbst immer wieder vorsagst, dass man keinerlei Trost verdient, wenn man Gott beleidigt hat; dann rufe dir, um dein Vertrauen zu st\u00e4rken, ins Ged\u00e4chtnis, dass Gott, was immer er auch tut oder zul\u00e4sst, nur dein Wohl im Sinn hat, dass also deiner Seele \u201ealles zum Guten gereicht\u201c (vgl. <a href=\"https:\/\/www.bibleserver.com\/NLB\/R%C3%B6mer8%2C28\" class=\"bibleserver extern\" target=\"_blank\" rel=\"noopener noreferrer\">R\u00f6m 8,28<\/a>). Je mehr dich \u00c4rger und Mutlosigkeit heimsuchen, desto unerschrockener musst du dich mit gro\u00dfem Mut wappnen und ausrufen: \u201eDer Herr ist mein Licht und mein Heil: Vor wem sollte ich mich f\u00fcrchten?\u201c (<a href=\"https:\/\/www.bibleserver.com\/NLB\/Psalm27%2C1\" class=\"bibleserver extern\" target=\"_blank\" rel=\"noopener noreferrer\">Ps 27,1<\/a>). Ja, Herr, du bist es, der mich erleuchten wird, du bist es, der mich retten wird. Ich vertraue auf dich, \u201eauf dich habe ich meine Hoffnung gesetzt: ich soll nicht zuschanden werden (bis) in Ewigkeit\u201c (vgl. <a href=\"https:\/\/www.bibleserver.com\/NLB\/Psalm30%2C2\" class=\"bibleserver extern\" target=\"_blank\" rel=\"noopener noreferrer\">Ps 30,2<\/a> LXX). Bleibe also unersch\u00fctterlich im Frieden, und sei gewiss, dass \u201ekeiner, der seine Hoffnung auf den Herrn gesetzt hat, zuschanden wurde\u201c (vgl. Sir 2,11 Vulg.); keiner ging verloren, wenn er sein Vertrauen auf Gott gesetzt hatte. <\/p><cite>Mani\u00e8re de converser avec Dieu (&#8220;Wor\u00fcber muss man mit Gott sprechen?&#8221;), \u00e9d. Le Laurier, 1988, p. 12-13 ; rev.) (ins Dt. trad. \u00a9 <a href=\"http:\/\/www.evangeliumtagfuertag.org\">Evangelizo<\/a><\/cite><\/blockquote>\n","protected":false},"excerpt":{"rendered":"<p>Wie soll bzw. kann man mit Gott sprechen, wenn es einem schlecht geht?<\/p>\n","protected":false},"author":1,"featured_media":8879,"comment_status":"open","ping_status":"open","sticky":false,"template":"","format":"standard","meta":{"jetpack_post_was_ever_published":false,"_jetpack_newsletter_access":"","_jetpack_dont_email_post_to_subs":false,"_jetpack_newsletter_tier_id":0,"_jetpack_memberships_contains_paywalled_content":false,"_jetpack_memberships_contains_paid_content":false,"footnotes":""},"categories":[2],"tags":[],"class_list":["post-8865","post","type-post","status-publish","format-standard","has-post-thumbnail","hentry","category-allgemein"],"jetpack_featured_media_url":"https:\/\/i0.wp.com\/www.projekt-kirche.de\/wp-content\/uploads\/2020\/07\/pexels-photo-66757.jpeg?fit=1300%2C1300&ssl=1","jetpack_shortlink":"https:\/\/wp.me\/p4Sdv6-2iZ","jetpack_sharing_enabled":true,"_links":{"self":[{"href":"https:\/\/www.projekt-kirche.de\/index.php?rest_route=\/wp\/v2\/posts\/8865","targetHints":{"allow":["GET"]}}],"collection":[{"href":"https:\/\/www.projekt-kirche.de\/index.php?rest_route=\/wp\/v2\/posts"}],"about":[{"href":"https:\/\/www.projekt-kirche.de\/index.php?rest_route=\/wp\/v2\/types\/post"}],"author":[{"embeddable":true,"href":"https:\/\/www.projekt-kirche.de\/index.php?rest_route=\/wp\/v2\/users\/1"}],"replies":[{"embeddable":true,"href":"https:\/\/www.projekt-kirche.de\/index.php?rest_route=%2Fwp%2Fv2%2Fcomments&post=8865"}],"version-history":[{"count":3,"href":"https:\/\/www.projekt-kirche.de\/index.php?rest_route=\/wp\/v2\/posts\/8865\/revisions"}],"predecessor-version":[{"id":8875,"href":"https:\/\/www.projekt-kirche.de\/index.php?rest_route=\/wp\/v2\/posts\/8865\/revisions\/8875"}],"wp:featuredmedia":[{"embeddable":true,"href":"https:\/\/www.projekt-kirche.de\/index.php?rest_route=\/wp\/v2\/media\/8879"}],"wp:attachment":[{"href":"https:\/\/www.projekt-kirche.de\/index.php?rest_route=%2Fwp%2Fv2%2Fmedia&parent=8865"}],"wp:term":[{"taxonomy":"category","embeddable":true,"href":"https:\/\/www.projekt-kirche.de\/index.php?rest_route=%2Fwp%2Fv2%2Fcategories&post=8865"},{"taxonomy":"post_tag","embeddable":true,"href":"https:\/\/www.projekt-kirche.de\/index.php?rest_route=%2Fwp%2Fv2%2Ftags&post=8865"}],"curies":[{"name":"wp","href":"https:\/\/api.w.org\/{rel}","templated":true}]}}