{"id":8900,"date":"2020-08-16T20:47:15","date_gmt":"2020-08-16T18:47:15","guid":{"rendered":"https:\/\/www.projekt-kirche.de\/?p=8900"},"modified":"2020-08-16T20:53:52","modified_gmt":"2020-08-16T18:53:52","slug":"das-ausharren-im-glauben","status":"publish","type":"post","link":"https:\/\/www.projekt-kirche.de\/?p=8900","title":{"rendered":"Ausharren im Glauben"},"content":{"rendered":"<div class=\"shariff\" data-title=\"Ausharren im Glauben\" data-info-url=\"http:\/\/ct.de\/-2467514\" data-backend-url=\"https:\/\/www.projekt-kirche.de\/wp-content\/plugins\/shariff-sharing\/backend\/index.php\" data-temp=\"\/tmp\" data-ttl=\"60\" data-service=\"gftr\" data-services='[\"googleplus\",\"facebook\",\"twitter\",\"reddit\",\"info\"]' data-image=\"\" data-url=\"https:\/\/www.projekt-kirche.de\/?p=8900\" data-lang=\"de\" data-theme=\"colored\" data-orientation=\"horizontal\"><\/div>\n<p>Was ist Glaube? Ein Geschenk. Aber wir m\u00fcssen auch etwas f\u00fcr ihn tun. So steht im Katechismus der Katholischen Kirche:<\/p>\n\n\n\n<!--more-->\n\n\n\n<blockquote class=\"wp-block-quote is-layout-flow wp-block-quote-is-layout-flow\"><p>Der Glaube ist ein Gnadengeschenk, das Gott dem Menschen gibt. Wir k\u00f6nnen dieses unsch\u00e4tzbare Geschenk verlieren. Der hl. Paulus macht Timotheus darauf aufmerksam: ,,K\u00e4mpfe den guten Kampf, gl\u00e4ubig und mit reinem Gewissen. Schon manche haben die Stimme ihres Gewissens mi\u00dfachtet und haben im Glauben Schiffbruch erlitten&#8221; (<a href=\"https:\/\/www.bibleserver.com\/NLB\/1.Timotheus1%2C18-19\" class=\"bibleserver extern\" target=\"_blank\" rel=\"noopener noreferrer\">1 Tim 1, 18-19<\/a>). Um im Glauben zu leben, zu wachsen und bis ans Ende zu verharren, m\u00fcssen wir ihn durch das Wort Gottes n\u00e4hren und den Herrn anflehen, ihn zu mehren [Vgl. <a href=\"https:\/\/www.bibleserver.com\/NLB\/Markus9%2C24\" class=\"bibleserver extern\" target=\"_blank\" rel=\"noopener noreferrer\">Mk 9,24<\/a>; <a href=\"https:\/\/www.bibleserver.com\/NLB\/Lukas17%2C5\" class=\"bibleserver extern\" target=\"_blank\" rel=\"noopener noreferrer\">Lk 17,5<\/a>; <a class=\"bibleserver extern\" rel=\"noopener noreferrer\" href=\"https:\/\/www.bibleserver.com\/NLB\/Lukas22%2C32\" target=\"_blank\">22,32<\/a>.]. Er mu\u00df ,,in der Liebe wirksam&#8221; (<a href=\"https:\/\/www.bibleserver.com\/NLB\/Galater5%2C6\" class=\"bibleserver extern\" target=\"_blank\" rel=\"noopener noreferrer\">Gal 5, 6<\/a>)[Vgl. <a href=\"https:\/\/www.bibleserver.com\/NLB\/Jakobus2%2C14-26\" class=\"bibleserver extern\" target=\"_blank\" rel=\"noopener noreferrer\">Jak 2,14-26<\/a>.], von der Hoffnung getragen [Vgl. <a href=\"https:\/\/www.bibleserver.com\/NLB\/R%C3%B6mer15%2C13\" class=\"bibleserver extern\" target=\"_blank\" rel=\"noopener noreferrer\">R\u00f6m 15,13<\/a>.] und im Glauben der Kirche verwurzelt sein.<\/p><p><\/p><cite><a href=\"http:\/\/www.vatican.va\/archive\/DEU0035\/__P13.HTM\">Katechismus der Katholischen Kirche (\u00a7162)<\/a> <\/cite><\/blockquote>\n","protected":false},"excerpt":{"rendered":"<p>Was ist Glaube? Ein Geschenk. Aber wir m\u00fcssen auch etwas f\u00fcr ihn tun. So steht im Katechismus der Katholischen Kirche:<\/p>\n","protected":false},"author":1,"featured_media":8907,"comment_status":"open","ping_status":"open","sticky":false,"template":"","format":"standard","meta":{"jetpack_post_was_ever_published":false,"_jetpack_newsletter_access":"","_jetpack_dont_email_post_to_subs":false,"_jetpack_newsletter_tier_id":0,"_jetpack_memberships_contains_paywalled_content":false,"_jetpack_memberships_contains_paid_content":false,"footnotes":""},"categories":[26],"tags":[],"class_list":["post-8900","post","type-post","status-publish","format-standard","has-post-thumbnail","hentry","category-glaube"],"jetpack_featured_media_url":"https:\/\/i0.wp.com\/www.projekt-kirche.de\/wp-content\/uploads\/2020\/08\/PSX_20200816_205259.jpg?fit=867%2C670&ssl=1","jetpack_shortlink":"https:\/\/wp.me\/p4Sdv6-2jy","jetpack_sharing_enabled":true,"_links":{"self":[{"href":"https:\/\/www.projekt-kirche.de\/index.php?rest_route=\/wp\/v2\/posts\/8900","targetHints":{"allow":["GET"]}}],"collection":[{"href":"https:\/\/www.projekt-kirche.de\/index.php?rest_route=\/wp\/v2\/posts"}],"about":[{"href":"https:\/\/www.projekt-kirche.de\/index.php?rest_route=\/wp\/v2\/types\/post"}],"author":[{"embeddable":true,"href":"https:\/\/www.projekt-kirche.de\/index.php?rest_route=\/wp\/v2\/users\/1"}],"replies":[{"embeddable":true,"href":"https:\/\/www.projekt-kirche.de\/index.php?rest_route=%2Fwp%2Fv2%2Fcomments&post=8900"}],"version-history":[{"count":5,"href":"https:\/\/www.projekt-kirche.de\/index.php?rest_route=\/wp\/v2\/posts\/8900\/revisions"}],"predecessor-version":[{"id":8908,"href":"https:\/\/www.projekt-kirche.de\/index.php?rest_route=\/wp\/v2\/posts\/8900\/revisions\/8908"}],"wp:featuredmedia":[{"embeddable":true,"href":"https:\/\/www.projekt-kirche.de\/index.php?rest_route=\/wp\/v2\/media\/8907"}],"wp:attachment":[{"href":"https:\/\/www.projekt-kirche.de\/index.php?rest_route=%2Fwp%2Fv2%2Fmedia&parent=8900"}],"wp:term":[{"taxonomy":"category","embeddable":true,"href":"https:\/\/www.projekt-kirche.de\/index.php?rest_route=%2Fwp%2Fv2%2Fcategories&post=8900"},{"taxonomy":"post_tag","embeddable":true,"href":"https:\/\/www.projekt-kirche.de\/index.php?rest_route=%2Fwp%2Fv2%2Ftags&post=8900"}],"curies":[{"name":"wp","href":"https:\/\/api.w.org\/{rel}","templated":true}]}}