{"id":8934,"date":"2020-10-04T19:50:33","date_gmt":"2020-10-04T17:50:33","guid":{"rendered":"https:\/\/www.projekt-kirche.de\/?p=8934"},"modified":"2020-10-04T20:17:47","modified_gmt":"2020-10-04T18:17:47","slug":"ueber-die-mitwirkung-des-menschen-an-gottes-heils-plan","status":"publish","type":"post","link":"https:\/\/www.projekt-kirche.de\/?p=8934","title":{"rendered":"\u00dcber die Mitwirkung des Menschen an Gottes (Heils-) Plan"},"content":{"rendered":"<div class=\"shariff\" data-title=\"\u00dcber die Mitwirkung des Menschen an Gottes (Heils-) Plan\" data-info-url=\"http:\/\/ct.de\/-2467514\" data-backend-url=\"https:\/\/www.projekt-kirche.de\/wp-content\/plugins\/shariff-sharing\/backend\/index.php\" data-temp=\"\/tmp\" data-ttl=\"60\" data-service=\"gftr\" data-services='[\"googleplus\",\"facebook\",\"twitter\",\"reddit\",\"info\"]' data-image=\"\" data-url=\"https:\/\/www.projekt-kirche.de\/?p=8934\" data-lang=\"de\" data-theme=\"colored\" data-orientation=\"horizontal\"><\/div>\n<p>Gott will ganz offensichtlich den Menschen weder gegen seinen Willen, noch ohne seine Mitwirkung retten. Im Gegenteil, er ehrt sein Gesch\u00f6pf gerade dadurch, indem er ihm Anteil geben m\u00f6chte an seinem Heilsplan f\u00fcr ihn pers\u00f6nlich, aber auch f\u00fcr seine Mitmenschen. D.h. wir haben tats\u00e4chlich eine wichtige Aufgabe in dieser Welt und tragen Mitverantwortung wie das Heil Gottes in die Welt kommt und sich ausbreiten kann.<\/p>\n\n\n\n<!--more-->\n\n\n\n<p>Der Katechismus der Katholischen Kirche dr\u00fcckt das so aus:<\/p>\n\n\n\n<blockquote class=\"wp-block-quote is-layout-flow wp-block-quote-is-layout-flow\"><p>Gott ist souver\u00e4n Herr \u00fcber seinen Ratschluss. Aber um ihn auszuf\u00fchren, bedient er sich auch der Mitwirkung der Gesch\u00f6pfe. Das ist nicht ein Zeichen von Schw\u00e4che, sondern der Gr\u00f6\u00dfe und G\u00fcte Gottes. Denn Gott gibt seinen Gesch\u00f6pfen nicht nur das Dasein, sondern auch die W\u00fcrde, selbst zu handeln, Ursache und Ursprung voneinander zu sein und so an der Ausf\u00fchrung seines Ratschlusses mitzuarbeiten. Den Menschen gew\u00e4hrt Gott sogar die M\u00f6glichkeit, in Freiheit an seiner Vorsehung teilzunehmen, indem er ihnen die Verantwortung anvertraut, sich die Erde zu \u201eunterwerfen\u201c und \u00fcber sie zu herrschen (vgl. <a href=\"https:\/\/www.bibleserver.com\/NLB\/1.Mose1%2C26-28\" class=\"bibleserver extern\" target=\"_blank\" rel=\"noopener noreferrer\">Gen 1,26\u201328<\/a>). Gott erm\u00f6glicht so den Menschen, vern\u00fcnftige, freie Ursachen zu sein, um das Sch\u00f6pfungswerk zu vervollst\u00e4ndigen und zu ihrem und der Mitmenschen Wohl seine Harmonie zu vervollkommnen. Die Menschen sind oft unbewusst Mitarbeiter Gottes, k\u00f6nnen jedoch auch bewusst auf den g\u00f6ttlichen Plan eingehen durch ihre Taten, ihre Gebete, aber auch durch ihre Leiden (vgl. <a href=\"https:\/\/www.bibleserver.com\/NLB\/Kolosser1%2C24\" class=\"bibleserver extern\" target=\"_blank\" rel=\"noopener noreferrer\">Kol 1,24<\/a>). Dadurch werden sie voll und ganz \u201eMitarbeiter Gottes\u201c (<a href=\"https:\/\/www.bibleserver.com\/NLB\/1.Korinther3%2C9\" class=\"bibleserver extern\" target=\"_blank\" rel=\"noopener noreferrer\">1 Kor 3,9<\/a>; <a href=\"https:\/\/www.bibleserver.com\/NLB\/1.Thessalonicher3%2C2\" class=\"bibleserver extern\" target=\"_blank\" rel=\"noopener noreferrer\">1 Thess 3,2<\/a>) und seines Reiches (vgl. <a href=\"https:\/\/www.bibleserver.com\/NLB\/Kolosser4%2C11\" class=\"bibleserver extern\" target=\"_blank\" rel=\"noopener noreferrer\">Kol 4,11<\/a>). Vom Glauben an Gott den Sch\u00f6pfer l\u00e4sst sich somit die Wahrheit nicht trennen, dass in jedem Tun seiner Gesch\u00f6pfe Gott t\u00e4tig ist. Er ist die Erstursache, die in und durch die Zweitursachen wirkt. \u201eDenn Gott ist es, der in euch das Wollen und das Vollbringen bewirkt, nach seinem Wohlgefallen\u201c (<a href=\"https:\/\/www.bibleserver.com\/NLB\/Philipper2%2C13\" class=\"bibleserver extern\" target=\"_blank\" rel=\"noopener noreferrer\">Phil 2,13<\/a>; vgl. <a href=\"https:\/\/www.bibleserver.com\/NLB\/1.Korinther12%2C6\" class=\"bibleserver extern\" target=\"_blank\" rel=\"noopener noreferrer\">1 Kor 12,6<\/a>).<\/p><cite><a href=\"http:\/\/www.vatican.va\/archive\/DEU0035\/__P1G.HTM\">Katechismus der katholischen Kirche (\u00a7\u00a7 306\u2013308)<\/a><\/cite><\/blockquote>\n","protected":false},"excerpt":{"rendered":"<p>Gott will ganz offensichtlich den Menschen weder gegen seinen Willen, noch ohne seine Mitwirkung retten. Im Gegenteil, er ehrt sein Gesch\u00f6pf gerade dadurch, indem er ihm Anteil geben m\u00f6chte an seinem Heilsplan f\u00fcr ihn pers\u00f6nlich, aber auch f\u00fcr seine Mitmenschen. D.h. wir haben tats\u00e4chlich eine wichtige Aufgabe in dieser Welt und tragen Mitverantwortung wie das [&hellip;]<\/p>\n","protected":false},"author":1,"featured_media":8966,"comment_status":"open","ping_status":"open","sticky":false,"template":"","format":"standard","meta":{"jetpack_post_was_ever_published":false,"_jetpack_newsletter_access":"","_jetpack_dont_email_post_to_subs":false,"_jetpack_newsletter_tier_id":0,"_jetpack_memberships_contains_paywalled_content":false,"_jetpack_memberships_contains_paid_content":false,"footnotes":""},"categories":[316],"tags":[],"class_list":["post-8934","post","type-post","status-publish","format-standard","has-post-thumbnail","hentry","category-heilsplan"],"jetpack_featured_media_url":"https:\/\/i0.wp.com\/www.projekt-kirche.de\/wp-content\/uploads\/2020\/10\/Adams_Creation_Sistine_Chapel_ceiling_by_Michelangelo_JBU33cut-scaled-e1601834620583.jpg?fit=2407%2C998&ssl=1","jetpack_shortlink":"https:\/\/wp.me\/p4Sdv6-2k6","jetpack_sharing_enabled":true,"_links":{"self":[{"href":"https:\/\/www.projekt-kirche.de\/index.php?rest_route=\/wp\/v2\/posts\/8934","targetHints":{"allow":["GET"]}}],"collection":[{"href":"https:\/\/www.projekt-kirche.de\/index.php?rest_route=\/wp\/v2\/posts"}],"about":[{"href":"https:\/\/www.projekt-kirche.de\/index.php?rest_route=\/wp\/v2\/types\/post"}],"author":[{"embeddable":true,"href":"https:\/\/www.projekt-kirche.de\/index.php?rest_route=\/wp\/v2\/users\/1"}],"replies":[{"embeddable":true,"href":"https:\/\/www.projekt-kirche.de\/index.php?rest_route=%2Fwp%2Fv2%2Fcomments&post=8934"}],"version-history":[{"count":5,"href":"https:\/\/www.projekt-kirche.de\/index.php?rest_route=\/wp\/v2\/posts\/8934\/revisions"}],"predecessor-version":[{"id":8968,"href":"https:\/\/www.projekt-kirche.de\/index.php?rest_route=\/wp\/v2\/posts\/8934\/revisions\/8968"}],"wp:featuredmedia":[{"embeddable":true,"href":"https:\/\/www.projekt-kirche.de\/index.php?rest_route=\/wp\/v2\/media\/8966"}],"wp:attachment":[{"href":"https:\/\/www.projekt-kirche.de\/index.php?rest_route=%2Fwp%2Fv2%2Fmedia&parent=8934"}],"wp:term":[{"taxonomy":"category","embeddable":true,"href":"https:\/\/www.projekt-kirche.de\/index.php?rest_route=%2Fwp%2Fv2%2Fcategories&post=8934"},{"taxonomy":"post_tag","embeddable":true,"href":"https:\/\/www.projekt-kirche.de\/index.php?rest_route=%2Fwp%2Fv2%2Ftags&post=8934"}],"curies":[{"name":"wp","href":"https:\/\/api.w.org\/{rel}","templated":true}]}}