{"id":8982,"date":"2020-10-28T12:42:16","date_gmt":"2020-10-28T11:42:16","guid":{"rendered":"https:\/\/www.projekt-kirche.de\/?p=8982"},"modified":"2020-10-28T12:48:14","modified_gmt":"2020-10-28T11:48:14","slug":"ueber-die-brennende-liebe","status":"publish","type":"post","link":"https:\/\/www.projekt-kirche.de\/?p=8982","title":{"rendered":"\u00dcber die brennende Liebe"},"content":{"rendered":"<div class=\"shariff\" data-title=\"\u00dcber die brennende Liebe\" data-info-url=\"http:\/\/ct.de\/-2467514\" data-backend-url=\"https:\/\/www.projekt-kirche.de\/wp-content\/plugins\/shariff-sharing\/backend\/index.php\" data-temp=\"\/tmp\" data-ttl=\"60\" data-service=\"gftr\" data-services='[\"googleplus\",\"facebook\",\"twitter\",\"reddit\",\"info\"]' data-image=\"\" data-url=\"https:\/\/www.projekt-kirche.de\/?p=8982\" data-lang=\"de\" data-theme=\"colored\" data-orientation=\"horizontal\"><\/div>\n<p>Was ist Liebe? Was ist g\u00f6ttliche Liebe? Wie sollen wir lieben?<\/p>\n\n\n\n<p>Liebe ist sicherlich nicht einfach nur das Leben nach irgendwelchen festen Regeln, seien es auch sch\u00f6ne und gute christliche Regeln. Die Liebe, die Gott in uns erwecken will ist noch viel gr\u00f6\u00dfer. Sie ist nicht rein menschlich, sondern \u00fcbermenschlich. Sie geht \u00fcber unser eigenes Verm\u00f6gen zu lieben hinaus. So sollen wir z. B. auch bereit sein, unsere Feinde zu lieben. Und das ist weder leicht, noch menschlich. Das ist g\u00f6ttlich.<\/p>\n\n\n\n<!--more-->\n\n\n\n<p>Maximilian Kolbe (1894-1941), Franziskaner, M\u00e4rtyrer, beschreibt es noch herausfordernder. Und hat es in seinem Leben ja auch vorgelebt. <\/p>\n\n\n\n<blockquote class=\"wp-block-quote is-layout-flow wp-block-quote-is-layout-flow\"><p>Was auch immer wir tun werden, selbst wenn es eine mehr als heroische Tat w\u00e4re, die die Grundfesten allen \u00dcbels auf dieser Erde ersch\u00fcttert, wird diese Tat nur in dem Ma\u00dfe von Wert sein, wie unser Wille mit dem Willen der Immaculata und durch sie mit dem Willen Gottes im Einklang steht \u2026 Es ist die Liebe in ihrer ganzen Tiefe (jenseits des Gef\u00fchls, obwohl dieses auch sch\u00f6n ist), die uns durch die Immaculata in Gott umgestalten muss, die uns verzehren und durch uns die Erde in Brand setzen und alles B\u00f6se in ihr vernichten und verbrennen muss. Dies ist das Feuer, von dem der Erl\u00f6ser sagte: \u201eIch bin gekommen, um Feuer auf die Erde zu werfen. Wie froh w\u00e4re ich, es w\u00fcrde schon brennen!\u201c (<a href=\"https:\/\/www.bibleserver.com\/NLB\/Lukas12%2C49\" class=\"bibleserver extern\" target=\"_blank\" rel=\"noopener noreferrer\">Lk 12,49<\/a>). Verzehrt von diesem Feuer der g\u00f6ttlichen Liebe (ich wiederhole: geht es hier nicht um s\u00fc\u00dfe Tr\u00e4nen oder Gef\u00fchle, sondern um den Willen, selbst inmitten von Ekel und Antipathie), werden wir die ganze Welt in Brand stecken! Liebe ruht nie, sondern breitet sich aus wie das Feuer, das alles verbrennt. Und wir \u2013 alle Menschen \u2013 m\u00fcssen danach streben, von diesem Feuer der Liebe entflammt zu werden, und es in allen Seelen, die in der Welt sind und noch sein werden, brennen zu lassen. Das ist das Ideal, das wir anstreben m\u00fcssen. Wir m\u00fcssen uns an die Worte Jesu erinnern: \u201eIch bin gekommen, um Feuer auf die Erde zu werfen\u201c (<a href=\"https:\/\/www.bibleserver.com\/NLB\/Lukas12%2C49\" class=\"bibleserver extern\" target=\"_blank\" rel=\"noopener noreferrer\">Lk 12, 49<\/a>). Wir unsererseits m\u00fcssen alles tun, damit diese Liebe von Tag zu Tag st\u00e4rker auflodert.<\/p><cite>Gespr\u00e4che von 2\/1932, vom 20.06.1937 und 22.10.1938 (Entretiens spirituels in\u00e9dits, \u00e9d. Lethielleux 1974, p. 36\u201337, rev.; ins Dt. trad. \u00a9 <a href=\"http:\/\/www.evangeliumtagfuertag.org\">Evangelizo<\/a>)<\/cite><\/blockquote>\n","protected":false},"excerpt":{"rendered":"<p>Was ist Liebe? Was ist g\u00f6ttliche Liebe? Wie sollen wir lieben? Liebe ist sicherlich nicht einfach nur das Leben nach irgendwelchen festen Regeln, seien es auch sch\u00f6ne und gute christliche Regeln. Die Liebe, die Gott in uns erwecken will ist noch viel gr\u00f6\u00dfer. Sie ist nicht rein menschlich, sondern \u00fcbermenschlich. Sie geht \u00fcber unser eigenes [&hellip;]<\/p>\n","protected":false},"author":1,"featured_media":8989,"comment_status":"open","ping_status":"open","sticky":false,"template":"","format":"standard","meta":{"jetpack_post_was_ever_published":false,"_jetpack_newsletter_access":"","_jetpack_dont_email_post_to_subs":false,"_jetpack_newsletter_tier_id":0,"_jetpack_memberships_contains_paywalled_content":false,"_jetpack_memberships_contains_paid_content":false,"footnotes":""},"categories":[29,53],"tags":[],"class_list":["post-8982","post","type-post","status-publish","format-standard","has-post-thumbnail","hentry","category-gott","category-liebe"],"jetpack_featured_media_url":"https:\/\/i0.wp.com\/www.projekt-kirche.de\/wp-content\/uploads\/2020\/10\/PSX_20201028_124707.jpg?fit=446%2C512&ssl=1","jetpack_shortlink":"https:\/\/wp.me\/p4Sdv6-2kS","jetpack_sharing_enabled":true,"_links":{"self":[{"href":"https:\/\/www.projekt-kirche.de\/index.php?rest_route=\/wp\/v2\/posts\/8982","targetHints":{"allow":["GET"]}}],"collection":[{"href":"https:\/\/www.projekt-kirche.de\/index.php?rest_route=\/wp\/v2\/posts"}],"about":[{"href":"https:\/\/www.projekt-kirche.de\/index.php?rest_route=\/wp\/v2\/types\/post"}],"author":[{"embeddable":true,"href":"https:\/\/www.projekt-kirche.de\/index.php?rest_route=\/wp\/v2\/users\/1"}],"replies":[{"embeddable":true,"href":"https:\/\/www.projekt-kirche.de\/index.php?rest_route=%2Fwp%2Fv2%2Fcomments&post=8982"}],"version-history":[{"count":3,"href":"https:\/\/www.projekt-kirche.de\/index.php?rest_route=\/wp\/v2\/posts\/8982\/revisions"}],"predecessor-version":[{"id":8988,"href":"https:\/\/www.projekt-kirche.de\/index.php?rest_route=\/wp\/v2\/posts\/8982\/revisions\/8988"}],"wp:featuredmedia":[{"embeddable":true,"href":"https:\/\/www.projekt-kirche.de\/index.php?rest_route=\/wp\/v2\/media\/8989"}],"wp:attachment":[{"href":"https:\/\/www.projekt-kirche.de\/index.php?rest_route=%2Fwp%2Fv2%2Fmedia&parent=8982"}],"wp:term":[{"taxonomy":"category","embeddable":true,"href":"https:\/\/www.projekt-kirche.de\/index.php?rest_route=%2Fwp%2Fv2%2Fcategories&post=8982"},{"taxonomy":"post_tag","embeddable":true,"href":"https:\/\/www.projekt-kirche.de\/index.php?rest_route=%2Fwp%2Fv2%2Ftags&post=8982"}],"curies":[{"name":"wp","href":"https:\/\/api.w.org\/{rel}","templated":true}]}}