{"id":9033,"date":"2020-12-26T21:13:07","date_gmt":"2020-12-26T20:13:07","guid":{"rendered":"https:\/\/www.projekt-kirche.de\/?p=9033"},"modified":"2020-12-26T21:13:11","modified_gmt":"2020-12-26T20:13:11","slug":"ist-die-weihnachtsgeschichte-historisch-falsch","status":"publish","type":"post","link":"https:\/\/www.projekt-kirche.de\/?p=9033","title":{"rendered":"Ist die Weihnachtsgeschichte historisch falsch?"},"content":{"rendered":"<div class=\"shariff\" data-title=\"Ist die Weihnachtsgeschichte historisch falsch?\" data-info-url=\"http:\/\/ct.de\/-2467514\" data-backend-url=\"https:\/\/www.projekt-kirche.de\/wp-content\/plugins\/shariff-sharing\/backend\/index.php\" data-temp=\"\/tmp\" data-ttl=\"60\" data-service=\"gftr\" data-services='[\"googleplus\",\"facebook\",\"twitter\",\"reddit\",\"info\"]' data-image=\"\" data-url=\"https:\/\/www.projekt-kirche.de\/?p=9033\" data-lang=\"de\" data-theme=\"colored\" data-orientation=\"horizontal\"><\/div>\n<p>Auf <a href=\"https:\/\/www.katholisch.de\/\">katholisch.de<\/a> wurde vor kurzem (wieder mal) ein Artikel \u00fcber das Buch &#8220;<a href=\"https:\/\/www.amazon.de\/Von-wegen-Heilige-Nacht-Weihnachtsgeschichte\/dp\/3579023977\">Von wegen Heilige Nacht!: Der gro\u00dfe Faktencheck zur Weihnachtsgeschichte<\/a>&#8221; der beiden Theologen Claudia und <a href=\"https:\/\/de.wikipedia.org\/wiki\/Simone_Paganini\">Simone Paganini<\/a>  ver\u00f6ffentlicht, das die historische Glaubw\u00fcrdigkeit der Weihnachtsgeschichte (<a href=\"https:\/\/www.bibleserver.com\/NLB\/Lukas2%2C1-20\" class=\"bibleserver extern\" target=\"_blank\" rel=\"noopener\">Lk 2,1\u201320<\/a>) in gro\u00dfen Teilen anzweifelt, siehe <a href=\"https:\/\/www.katholisch.de\/artikel\/28084-warum-die-weihnachtsgeschichte-trotz-ungenauigkeiten-kein-maerchen-ist\">Warum die Weihnachtsgeschichte trotz Ungenauigkeiten kein M\u00e4rchen ist<\/a>. <\/p>\n\n\n\n<p>Wenn jedoch schon die grundlegende Erz\u00e4hlung \u00fcber die Geburt Jesu historische Unwahrheiten beinhaltet, kann man dann der Bibel \u00fcberhaupt vertrauen? Aus diesem Grund ist es wichtig, genau zu pr\u00fcfen, ob die biblischen Verfasser glaubw\u00fcrdig sind und sorgf\u00e4ltig \u00fcber tats\u00e4chliche Begebenheiten berichten oder eben wie oft behauptet, die Geschichten so &#8220;zurechtr\u00fccken&#8221;, damit irgendwelche theologischen Aussagen gemacht werden k\u00f6nnen.<\/p>\n\n\n\n<!--more-->\n\n\n\n<p>Deshalb m\u00f6chte ich die im besagten Artikel angef\u00fchrten Behauptungen kurz genauer betrachten.<\/p>\n\n\n\n<h2 class=\"wp-block-heading\">Jesus &#8220;musste&#8221; in Betlehem geboren werden<\/h2>\n\n\n\n<p>Diese Behauptung besagt praktisch, dass Jesus gar nicht wirklich in Betlehem geboren wurden (sondern in Nazareth), die Weihnachtsgeschichte aber so hingedreht wurde, damit Jesus von den Menschen damals als Messias anerkannt werden konnte (vgl. die Prophetie \u00fcber den Messias in <a href=\"https:\/\/www.bibleserver.com\/NLB\/Micha5%2C3\" class=\"bibleserver extern\" target=\"_blank\" rel=\"noopener\">Mi 5,3<\/a>). <\/p>\n\n\n\n<p>Was sind die Argumente daf\u00fcr?<\/p>\n\n\n\n<p>Eigentlich nur, dass Maria und Josef in Nazareth lebten und man nicht glauben m\u00f6chte, dass es tats\u00e4chlich eine Volkz\u00e4hlung gab, f\u00fcr die die beiden in den Geburtsort von Josef reisen mussten.<\/p>\n\n\n\n<p>Und der &#8220;historische Nachweis&#8221; f\u00fcr die Behauptung, dass das gar nicht stimmen k\u00f6nne, war die Annahme, dass es sich bei dieser Volksz\u00e4hlung um diejenige des Quirinius (dem damaligen Statthalter f\u00fcr Syrien) handeln m\u00fcsse, die jedoch (lt. des j\u00fcdischen Historikers Josephus) fr\u00fchestens 6 n.Chr., also viel zu sp\u00e4t stattgefunden hatte, um zur Weihnachtsgeschichte zu passen (die Geburt Jesu wird allgemein auf 6 v. Chr datiert, da K\u00f6nig Herodes bereits 4 v. Chr starb, siehe z.B. die <a href=\"https:\/\/de.wikipedia.org\/wiki\/Weihnachtsgeschichte\">Weihnachtsgeschichte in Wikipedia<\/a>).<\/p>\n\n\n\n<p>Ignoriert wird hierbei, dass es nat\u00fcrlich noch eine weitere (lokale) Volksz\u00e4hlung (zur Steuersch\u00e4tzung) vor derjenigen um 6 n.Chr. gegeben haben k\u00f6nnte. So ist es gut m\u00f6glich, dass Quirinius, der lt. <a href=\"https:\/\/www.worldcat.org\/title\/new-catholic-commentary-on-holy-scripture\/oclc\/60440\">A New Catholic Commentary on Holy Scripture<\/a> (gem\u00e4\u00df einer Inschrift) bereits schonmal zwischen 4-1 v.Chr. Legat von Syrien war und einen besonderen Auftrag zur Durchf\u00fchrung einer Steuersch\u00e4tzung in Pal\u00e4stina um 10-8 v.Chr. hatte und diese an Sentius Saturninus, dem Legaten von Syrien von 8-6 v.Chr. \u00fcbertrug. Damit w\u00e4re es m\u00f6glich, wenn auch nicht bewiesen, dass der Evangelist Lukas tats\u00e4chlich wahrheitsgem\u00e4\u00df und historisch korrekt berichtet hat, dass Maria und Josef von Nazareth nach Betlehem reisen mussten. <\/p>\n\n\n\n<p>Auf jeden Fall w\u00e4re es sehr unwahrscheinlich, wenn Lukas ganz offensichtlich &#8220;M\u00e4rchen&#8221; erz\u00e4hlen w\u00fcrde, die damals sehr einfach als unwahr h\u00e4tte erkannt werden k\u00f6nnen. Denn ob es damals eine Steuersch\u00e4tzung mit Volksz\u00e4hlung gab oder nicht, w\u00e4re ja f\u00fcr alle der dort lebenden Menschen ja bekannt gewesen. Zumindest <a href=\"https:\/\/de.wikipedia.org\/wiki\/Kelsos\">Celsus<\/a>, der bekannte Kritiker des Christentums aus dem 2. Jh.n.Chr., erw\u00e4hnt davon rein gar nichts.<\/p>\n\n\n\n<h2 class=\"wp-block-heading\">Jesus als wahrer Friedensbringer<\/h2>\n\n\n\n<p>Die Autoren von &#8220;Von wegen Heilige Nacht!&#8221; behaupten zudem, dass das Ziel des Lukasevangeliums nicht darin l\u00e4ge, die Geburt Jesu m\u00f6glichst exakt zu datieren, sondern schlicht zeigen zu wollen, &#8220;in welche Welt der Heiland hineingeboren wurde: in eine, in der Rom das Sagen hat, genauer gesagt Kaiser Augustus.&#8221;<\/p>\n\n\n\n<p>Interessant, was die besagten Theologen so alles \u00fcber die wahre Motivation von Lukas wissen! Dabei ignorieren sie v\u00f6llig was Lukas selbst ganz am Anfang seines Evangeliums dar\u00fcber schreibt:<\/p>\n\n\n\n<blockquote class=\"wp-block-quote is-layout-flow wp-block-quote-is-layout-flow\"><p>Schon viele haben es unternommen, eine Erz\u00e4hlung \u00fcber die Ereignisse abzufassen, die sich unter uns erf\u00fcllt haben.<br>Dabei hielten sie sich an die \u00dcberlieferung derer, die von Anfang an Augenzeugen und Diener des Wortes waren. Nun habe auch ich mich entschlossen, nachdem ich allem von Beginn an sorgf\u00e4ltig nachgegangen bin, es f\u00fcr dich, hochverehrter Theophilus, der Reihe nach aufzuschreiben. So kannst du dich von der Zuverl\u00e4ssigkeit der Lehre \u00fcberzeugen, in der du unterwiesen wurdest.<\/p><cite><a href=\"https:\/\/www.bibleserver.com\/NLB\/Lukas1%2C1-4\" class=\"bibleserver extern\" target=\"_blank\" rel=\"noopener\">Lukas 1,1-4<\/a> (E\u00dc)<\/cite><\/blockquote>\n\n\n\n<p>Was wird wohl eher stimmen?<\/p>\n\n\n\n<p>Aber es kommt noch schlimmer, die Jungfrauengeburt wird als historische (Glaubens-) Tatsache ganz (als quasi &#8220;\u00dcbersetzungsfehler&#8221;) offen geleugnet und einfach behauptet: &#8220;Durch diese Spannung [des Paradoxons von einer Jungfrau, die ein Kind zur Welt bringt] habe man das Geheimnis von der G\u00f6ttlichkeit Jesu zum Ausdruck bringen k\u00f6nnen (&#8230;).&#8221;<\/p>\n\n\n\n<p>Nat\u00fcrlich wird man keine historischen oder gar biologischen Beweise f\u00fcr die Geburt Jesu von einer Jungfrau finden k\u00f6nnen. Aber dass Maria Jesus vom bzw. durch den Heiligen Geist empfangen hat ist eben katholischer Glaube, der in der Bibel klar bezeugt wird. Wer das nicht glauben will, darf sich dann eben auch nicht mehr als (r\u00f6misch-)katholischer Theologe verstehen bzw. bezeichnen. <\/p>\n\n\n\n<h2 class=\"wp-block-heading\">Fakten angesichts der Botschaft zweitrangig<\/h2>\n\n\n\n<p>Weiter wird behauptet, dass es den Autoren der Evangelien nicht prim\u00e4r um historische Fakten ginge, sondern um die &#8220;versteckten Glaubenswahrheiten&#8221;, die zwischen den Zeilen aufleuchten w\u00fcrden.<\/p>\n\n\n\n<p>Tja, was die Theologen von heute so alles wissen. Mehr offenbar als die Evangelisten selbst. Und im direkten Widerspruch zu den expliziten Aussagen des Lukas zumindest! Schade, dass <a href=\"https:\/\/www.katholisch.de\/\">katholisch.de<\/a> solchen Theologen (ohne Gegendarstellung) eine Plattform bietet.<\/p>\n","protected":false},"excerpt":{"rendered":"<p>Auf katholisch.de wurde vor kurzem (wieder mal) ein Artikel \u00fcber das Buch &#8220;Von wegen Heilige Nacht!: Der gro\u00dfe Faktencheck zur Weihnachtsgeschichte&#8221; der beiden Theologen Claudia und Simone Paganini ver\u00f6ffentlicht, das die historische Glaubw\u00fcrdigkeit der Weihnachtsgeschichte (Lk 2,1\u201320) in gro\u00dfen Teilen anzweifelt, siehe Warum die Weihnachtsgeschichte trotz Ungenauigkeiten kein M\u00e4rchen ist. Wenn jedoch schon die grundlegende [&hellip;]<\/p>\n","protected":false},"author":1,"featured_media":9064,"comment_status":"open","ping_status":"open","sticky":false,"template":"","format":"standard","meta":{"jetpack_post_was_ever_published":false,"_jetpack_newsletter_access":"","_jetpack_dont_email_post_to_subs":false,"_jetpack_newsletter_tier_id":0,"_jetpack_memberships_contains_paywalled_content":false,"_jetpack_memberships_contains_paid_content":false,"footnotes":""},"categories":[103,295],"tags":[],"class_list":["post-9033","post","type-post","status-publish","format-standard","has-post-thumbnail","hentry","category-bibel","category-weihnachten"],"jetpack_featured_media_url":"https:\/\/i0.wp.com\/www.projekt-kirche.de\/wp-content\/uploads\/2020\/12\/PSX_20201225_182406-scaled.jpg?fit=2560%2C1440&ssl=1","jetpack_shortlink":"https:\/\/wp.me\/p4Sdv6-2lH","jetpack_sharing_enabled":true,"_links":{"self":[{"href":"https:\/\/www.projekt-kirche.de\/index.php?rest_route=\/wp\/v2\/posts\/9033","targetHints":{"allow":["GET"]}}],"collection":[{"href":"https:\/\/www.projekt-kirche.de\/index.php?rest_route=\/wp\/v2\/posts"}],"about":[{"href":"https:\/\/www.projekt-kirche.de\/index.php?rest_route=\/wp\/v2\/types\/post"}],"author":[{"embeddable":true,"href":"https:\/\/www.projekt-kirche.de\/index.php?rest_route=\/wp\/v2\/users\/1"}],"replies":[{"embeddable":true,"href":"https:\/\/www.projekt-kirche.de\/index.php?rest_route=%2Fwp%2Fv2%2Fcomments&post=9033"}],"version-history":[{"count":32,"href":"https:\/\/www.projekt-kirche.de\/index.php?rest_route=\/wp\/v2\/posts\/9033\/revisions"}],"predecessor-version":[{"id":9066,"href":"https:\/\/www.projekt-kirche.de\/index.php?rest_route=\/wp\/v2\/posts\/9033\/revisions\/9066"}],"wp:featuredmedia":[{"embeddable":true,"href":"https:\/\/www.projekt-kirche.de\/index.php?rest_route=\/wp\/v2\/media\/9064"}],"wp:attachment":[{"href":"https:\/\/www.projekt-kirche.de\/index.php?rest_route=%2Fwp%2Fv2%2Fmedia&parent=9033"}],"wp:term":[{"taxonomy":"category","embeddable":true,"href":"https:\/\/www.projekt-kirche.de\/index.php?rest_route=%2Fwp%2Fv2%2Fcategories&post=9033"},{"taxonomy":"post_tag","embeddable":true,"href":"https:\/\/www.projekt-kirche.de\/index.php?rest_route=%2Fwp%2Fv2%2Ftags&post=9033"}],"curies":[{"name":"wp","href":"https:\/\/api.w.org\/{rel}","templated":true}]}}