{"id":9150,"date":"2021-05-22T14:21:21","date_gmt":"2021-05-22T12:21:21","guid":{"rendered":"https:\/\/www.projekt-kirche.de\/?p=9150"},"modified":"2021-05-22T14:21:44","modified_gmt":"2021-05-22T12:21:44","slug":"ueber-die-verschiedenen-aemter-in-der-kirche","status":"publish","type":"post","link":"https:\/\/www.projekt-kirche.de\/?p=9150","title":{"rendered":"\u00dcber die verschiedenen \u00c4mter in der Kirche"},"content":{"rendered":"<div class=\"shariff\" data-title=\"\u00dcber die verschiedenen \u00c4mter in der Kirche\" data-info-url=\"http:\/\/ct.de\/-2467514\" data-backend-url=\"https:\/\/www.projekt-kirche.de\/wp-content\/plugins\/shariff-sharing\/backend\/index.php\" data-temp=\"\/tmp\" data-ttl=\"60\" data-service=\"gftr\" data-services='[\"googleplus\",\"facebook\",\"twitter\",\"reddit\",\"info\"]' data-image=\"\" data-url=\"https:\/\/www.projekt-kirche.de\/?p=9150\" data-lang=\"de\" data-theme=\"colored\" data-orientation=\"horizontal\"><\/div>\n<p>Gerade heute gibt es eine vermehrte, teilweise sogar hitzige Diskussion \u00fcber die Verteilung der \u00c4mter in der Kirche und auch um die sogenannte Geschlechtergerechtigkeit.<\/p>\n\n\n\n<p>Da k\u00f6nnen die Gedanken \u00fcber die Verschiedenheit in Einheit von Aelred von Rievaulx (1110-1167), englischer Zisterzienserabt, bedenkenswert sein:<\/p>\n\n\n\n<!--more-->\n\n\n\n<blockquote class=\"wp-block-quote is-layout-flow wp-block-quote-is-layout-flow\"><p>Es gibt genug Leute, die meinen, sie w\u00fcrden nicht geliebt, weil sie nicht bef\u00f6rdert werden k\u00f6nnen, sie f\u00fchlen sich ungerecht behandelt, weil wir sie nicht mit Sorgen und Pflichten belasten k\u00f6nnen. Daraus entsteht nicht wenig Streit unter solchen, die man f\u00fcr Freunde hielt. Der Entr\u00fcstung folgt die Trennung, der Trennung die \u00fcble Nachrede [\u2026] Niemand aber soll behaupten k\u00f6nnen, er sei, weil nicht bef\u00f6rdert, vom Freunde verachtet worden. Unser Herr Jesus zog Petrus dem Johannes vor; er gab an Petrus den Vorsitz; doch damit hat er dem Johannes nichts von seiner Liebe entzogen. Dem Johannes hat er seine s\u00fc\u00dfe Mutter anvertraut (vgl. <a href=\"https:\/\/www.bibleserver.com\/NLB\/Johannes19%2C27\" class=\"bibleserver extern\" target=\"_blank\" rel=\"noopener\">Joh 19,27<\/a>), dem Petrus seine Kirche. Dem Petrus \u00fcbergab er die Schl\u00fcssel des Himmelreichs (vgl. <a href=\"https:\/\/www.bibleserver.com\/NLB\/Matth%C3%A4us16%2C19\" class=\"bibleserver extern\" target=\"_blank\" rel=\"noopener\">Mt 16,19<\/a>); dem Johannes erschloss er die Geheimnisse seines Herzens (vgl. <a href=\"https:\/\/www.bibleserver.com\/NLB\/Johannes13%2C25\" class=\"bibleserver extern\" target=\"_blank\" rel=\"noopener\">Joh 13,25<\/a>). Petri Stellung war h\u00f6her, die des Johannes vertrauter. Als Jesus die Worte sprach: \u201eEiner von euch wird mich verraten!\u201c (<a href=\"https:\/\/www.bibleserver.com\/NLB\/Johannes13%2C21\" class=\"bibleserver extern\" target=\"_blank\" rel=\"noopener\">Joh 13,21<\/a>), zagt und zittert Petrus trotz seines Amtes. Johannes dagegen, vertrauter dem Herzen seines Meisters, fragt k\u00fchn, von Petrus gebeten, wer es sei. Petrus wird zur Tat bestimmt, Johannes wird der Liebe vorbehalten. \u201eIch will, dass er so bleibe, bis ich komme!\u201c sagt der Herr, der uns ein Beispiel gab, nach dem wir uns richten sollen.<br \/><\/p><cite>\u00dcber die geistliche Freundschaft, III. Buch, 115 ff. (Aelred von Rieval, \u00dcber die geistliche Freundschaft, lat.-dt. \u00dcbertragung von Rhaban Haacke, Trier 1978, Bd. 3, S. 101 ff.), zitiert aus <a href=\"http:\/\/www.evangeliumtagfuertag.org\">Evangelium Tag f\u00fcr Tag<\/a>. <\/cite><\/blockquote>\n","protected":false},"excerpt":{"rendered":"<p>Gerade heute gibt es eine vermehrte, teilweise sogar hitzige Diskussion \u00fcber die Verteilung der \u00c4mter in der Kirche und auch um die sogenannte Geschlechtergerechtigkeit. Da k\u00f6nnen die Gedanken \u00fcber die Verschiedenheit in Einheit von Aelred von Rievaulx (1110-1167), englischer Zisterzienserabt, bedenkenswert sein:<\/p>\n","protected":false},"author":1,"featured_media":9151,"comment_status":"open","ping_status":"open","sticky":false,"template":"","format":"standard","meta":{"jetpack_post_was_ever_published":false,"_jetpack_newsletter_access":"","_jetpack_dont_email_post_to_subs":false,"_jetpack_newsletter_tier_id":0,"_jetpack_memberships_contains_paywalled_content":false,"_jetpack_memberships_contains_paid_content":false,"footnotes":""},"categories":[2],"tags":[],"class_list":["post-9150","post","type-post","status-publish","format-standard","has-post-thumbnail","hentry","category-allgemein"],"jetpack_featured_media_url":"https:\/\/i0.wp.com\/www.projekt-kirche.de\/wp-content\/uploads\/2021\/05\/847.jpg?fit=226%2C297&ssl=1","jetpack_shortlink":"https:\/\/wp.me\/p4Sdv6-2nA","jetpack_sharing_enabled":true,"_links":{"self":[{"href":"https:\/\/www.projekt-kirche.de\/index.php?rest_route=\/wp\/v2\/posts\/9150","targetHints":{"allow":["GET"]}}],"collection":[{"href":"https:\/\/www.projekt-kirche.de\/index.php?rest_route=\/wp\/v2\/posts"}],"about":[{"href":"https:\/\/www.projekt-kirche.de\/index.php?rest_route=\/wp\/v2\/types\/post"}],"author":[{"embeddable":true,"href":"https:\/\/www.projekt-kirche.de\/index.php?rest_route=\/wp\/v2\/users\/1"}],"replies":[{"embeddable":true,"href":"https:\/\/www.projekt-kirche.de\/index.php?rest_route=%2Fwp%2Fv2%2Fcomments&post=9150"}],"version-history":[{"count":1,"href":"https:\/\/www.projekt-kirche.de\/index.php?rest_route=\/wp\/v2\/posts\/9150\/revisions"}],"predecessor-version":[{"id":9152,"href":"https:\/\/www.projekt-kirche.de\/index.php?rest_route=\/wp\/v2\/posts\/9150\/revisions\/9152"}],"wp:featuredmedia":[{"embeddable":true,"href":"https:\/\/www.projekt-kirche.de\/index.php?rest_route=\/wp\/v2\/media\/9151"}],"wp:attachment":[{"href":"https:\/\/www.projekt-kirche.de\/index.php?rest_route=%2Fwp%2Fv2%2Fmedia&parent=9150"}],"wp:term":[{"taxonomy":"category","embeddable":true,"href":"https:\/\/www.projekt-kirche.de\/index.php?rest_route=%2Fwp%2Fv2%2Fcategories&post=9150"},{"taxonomy":"post_tag","embeddable":true,"href":"https:\/\/www.projekt-kirche.de\/index.php?rest_route=%2Fwp%2Fv2%2Ftags&post=9150"}],"curies":[{"name":"wp","href":"https:\/\/api.w.org\/{rel}","templated":true}]}}