{"id":9163,"date":"2021-06-20T18:26:30","date_gmt":"2021-06-20T16:26:30","guid":{"rendered":"https:\/\/www.projekt-kirche.de\/?p=9163"},"modified":"2021-06-20T18:28:49","modified_gmt":"2021-06-20T16:28:49","slug":"ueber-die-mission","status":"publish","type":"post","link":"https:\/\/www.projekt-kirche.de\/?p=9163","title":{"rendered":"\u00dcber die Mission"},"content":{"rendered":"<div class=\"shariff\" data-title=\"\u00dcber die Mission\" data-info-url=\"http:\/\/ct.de\/-2467514\" data-backend-url=\"https:\/\/www.projekt-kirche.de\/wp-content\/plugins\/shariff-sharing\/backend\/index.php\" data-temp=\"\/tmp\" data-ttl=\"60\" data-service=\"gftr\" data-services='[\"googleplus\",\"facebook\",\"twitter\",\"reddit\",\"info\"]' data-image=\"\" data-url=\"https:\/\/www.projekt-kirche.de\/?p=9163\" data-lang=\"de\" data-theme=\"colored\" data-orientation=\"horizontal\"><\/div>\n<p>Viele Christen in der katholischen Kirche betonen wie wichtig das 2. Vatikanische Konzil f\u00fcr die Erneuerung der katholischen Kirche gewesen sei und werfen konservative Katholiken manchmal vor, dass sie dieses Konzil nicht ausreichend verinnerlicht h\u00e4tten oder nicht gen\u00fcgend ernst n\u00e4hmen.<\/p>\n\n\n\n<!--more-->\n\n\n\n<p>F\u00fcr konservative wie aber auch f\u00fcr liberale Christen ist das 2. Vatikanische Konzil herausfordernd oder zumindest klar genug bzgl. des Auftrags, den wir Christen haben, n\u00e4mlich die gute Nachricht vom Evangelium Jesu bzw. Reich Gottes in die Welt zu tragen.<\/p>\n\n\n\n<p>Hier mal ein Ausschnitte aus dem Dekret &#8220;ad Gentes&#8221;:<\/p>\n\n\n\n<blockquote class=\"wp-block-quote is-layout-flow wp-block-quote-is-layout-flow\"><p>Da die ganze Kirche missionarisch und das Werk der Evangelisation eine Grundpflicht des Gottesvolkes ist, l\u00e4dt die Heilige Synode alle zu einer tiefgreifenden, inneren Erneuerung ein, damit sie im lebendigen Bewusstsein der eigenen Verantwortung um die Ausbreitung des Evangeliums ihren Anteil am Missionswerk [\u2026] \u00fcbernehmen. Als Glieder des lebendigen Christus, durch Taufe, Firmung und Eucharistie ihm eingegliedert und gleichgestaltet, ist allen Gl\u00e4ubigen die Pflicht auferlegt, an der Entfaltung und an dem Wachstum seines Leibes mitzuwirken, damit dieser so bald wie m\u00f6glich zur Vollgestalt gelange (vgl. <a href=\"https:\/\/www.bibleserver.com\/NLB\/Epheser4%2C13\" class=\"bibleserver extern\" target=\"_blank\" rel=\"noopener\">Eph 4,13<\/a>). Deshalb m\u00f6gen alle Kinder der Kirche ein lebendiges Verantwortungsbewusstsein gegen\u00fcber der Welt besitzen, eine wahrhaft katholische Gesinnung in sich hegen und ihre Kr\u00e4fte f\u00fcr das Werk der Evangelisierung einsetzen. Doch seien alle eingedenk, dass die erste und wichtigste Verpflichtung bei der Ausbreitung des Glaubens darin besteht, ein tiefchristliches Leben zu f\u00fchren. Ihr Eifer im Dienste Gottes und ihre Liebe zum N\u00e4chsten werden der ganzen Kirche neuen geistlichen Antrieb verleihen, so dass sie als Zeichen erscheint, aufgerichtet unter den V\u00f6lkern (vgl. <a href=\"https:\/\/www.bibleserver.com\/NLB\/Jesaja11%2C12\" class=\"bibleserver extern\" target=\"_blank\" rel=\"noopener\">Jes 11,12<\/a>), als \u201eLicht der Welt\u201c (<a href=\"https:\/\/www.bibleserver.com\/NLB\/Matth%C3%A4us5%2C14\" class=\"bibleserver extern\" target=\"_blank\" rel=\"noopener\">Mt 5,14<\/a>) und als \u201eSalz der Erde\u201c (<a href=\"https:\/\/www.bibleserver.com\/NLB\/Matth%C3%A4us5%2C13\" class=\"bibleserver extern\" target=\"_blank\" rel=\"noopener\">Mt 5,13<\/a>). Dieses Zeugnis des Lebens wird eher seine Wirkung hervorbringen, wenn es \u2013 nach den Richtlinien des Dekrets \u00fcber den \u00d6kumenismus \u2013 zusammen mit anderen christlichen Gruppen abgelegt wird.<\/p><cite>2. Vatikanisches Konzil, <a href=\"https:\/\/www.vatican.va\/archive\/hist_councils\/ii_vatican_council\/documents\/vat-ii_decree_19651207_ad-gentes_ge.html\">Dekret \u00fcber die Missionst\u00e4tigkeit der Kirche \u201eAd Gentes\u201c<\/a> (7. Dezember 1965), 35\u201336<\/cite><\/blockquote>\n","protected":false},"excerpt":{"rendered":"<p>Viele Christen in der katholischen Kirche betonen wie wichtig das 2. Vatikanische Konzil f\u00fcr die Erneuerung der katholischen Kirche gewesen sei und werfen konservative Katholiken manchmal vor, dass sie dieses Konzil nicht ausreichend verinnerlicht h\u00e4tten oder nicht gen\u00fcgend ernst n\u00e4hmen.<\/p>\n","protected":false},"author":1,"featured_media":9165,"comment_status":"open","ping_status":"open","sticky":false,"template":"","format":"standard","meta":{"jetpack_post_was_ever_published":false,"_jetpack_newsletter_access":"","_jetpack_dont_email_post_to_subs":false,"_jetpack_newsletter_tier_id":0,"_jetpack_memberships_contains_paywalled_content":false,"_jetpack_memberships_contains_paid_content":false,"footnotes":""},"categories":[57],"tags":[],"class_list":["post-9163","post","type-post","status-publish","format-standard","has-post-thumbnail","hentry","category-mission"],"jetpack_featured_media_url":"https:\/\/i0.wp.com\/www.projekt-kirche.de\/wp-content\/uploads\/2021\/06\/wp-16242059045762757300296994070731.jpg?fit=1280%2C1280&ssl=1","jetpack_shortlink":"https:\/\/wp.me\/p4Sdv6-2nN","jetpack_sharing_enabled":true,"_links":{"self":[{"href":"https:\/\/www.projekt-kirche.de\/index.php?rest_route=\/wp\/v2\/posts\/9163","targetHints":{"allow":["GET"]}}],"collection":[{"href":"https:\/\/www.projekt-kirche.de\/index.php?rest_route=\/wp\/v2\/posts"}],"about":[{"href":"https:\/\/www.projekt-kirche.de\/index.php?rest_route=\/wp\/v2\/types\/post"}],"author":[{"embeddable":true,"href":"https:\/\/www.projekt-kirche.de\/index.php?rest_route=\/wp\/v2\/users\/1"}],"replies":[{"embeddable":true,"href":"https:\/\/www.projekt-kirche.de\/index.php?rest_route=%2Fwp%2Fv2%2Fcomments&post=9163"}],"version-history":[{"count":4,"href":"https:\/\/www.projekt-kirche.de\/index.php?rest_route=\/wp\/v2\/posts\/9163\/revisions"}],"predecessor-version":[{"id":9168,"href":"https:\/\/www.projekt-kirche.de\/index.php?rest_route=\/wp\/v2\/posts\/9163\/revisions\/9168"}],"wp:featuredmedia":[{"embeddable":true,"href":"https:\/\/www.projekt-kirche.de\/index.php?rest_route=\/wp\/v2\/media\/9165"}],"wp:attachment":[{"href":"https:\/\/www.projekt-kirche.de\/index.php?rest_route=%2Fwp%2Fv2%2Fmedia&parent=9163"}],"wp:term":[{"taxonomy":"category","embeddable":true,"href":"https:\/\/www.projekt-kirche.de\/index.php?rest_route=%2Fwp%2Fv2%2Fcategories&post=9163"},{"taxonomy":"post_tag","embeddable":true,"href":"https:\/\/www.projekt-kirche.de\/index.php?rest_route=%2Fwp%2Fv2%2Ftags&post=9163"}],"curies":[{"name":"wp","href":"https:\/\/api.w.org\/{rel}","templated":true}]}}