{"id":9179,"date":"2021-08-07T10:22:48","date_gmt":"2021-08-07T08:22:48","guid":{"rendered":"https:\/\/www.projekt-kirche.de\/?p=9179"},"modified":"2021-08-07T10:23:05","modified_gmt":"2021-08-07T08:23:05","slug":"ueber-den-glauben-und-das-gebet","status":"publish","type":"post","link":"https:\/\/www.projekt-kirche.de\/?p=9179","title":{"rendered":"\u00dcber den Glauben und das Gebet"},"content":{"rendered":"<div class=\"shariff\" data-title=\"\u00dcber den Glauben und das Gebet\" data-info-url=\"http:\/\/ct.de\/-2467514\" data-backend-url=\"https:\/\/www.projekt-kirche.de\/wp-content\/plugins\/shariff-sharing\/backend\/index.php\" data-temp=\"\/tmp\" data-ttl=\"60\" data-service=\"gftr\" data-services='[\"googleplus\",\"facebook\",\"twitter\",\"reddit\",\"info\"]' data-image=\"\" data-url=\"https:\/\/www.projekt-kirche.de\/?p=9179\" data-lang=\"de\" data-theme=\"colored\" data-orientation=\"horizontal\"><\/div>\n<p>F\u00fcr was ist Gebet eigentlich gut? Gott wei\u00df doch sowieso schon alles!<\/p>\n\n\n\n<p>Das ist richtig. Aber neben dem Zweck, dass wir Menschen mit Gott aktiv in Verbindung bleiben und eine Freundschaft mit ihm pflegen sollen hat es noch einen anderen. <\/p>\n\n\n\n<p>Dies beschreibt Columba Marmion (1858-1923), Irischer M\u00f6nch und Abt so:<\/p>\n\n\n\n<!--more-->\n\n\n\n<blockquote class=\"wp-block-quote is-layout-flow wp-block-quote-is-layout-flow\"><p>Bitten auch wir den Vater und Jesus Christus, sein ewiges Wort, um dieses Licht des Glaubens. Den Keim desselben haben wir in der heiligen Taufe empfangen; wir m\u00fcssen aber diesen g\u00f6ttlichen Keim in uns bewahren und entwickeln. Welches ist nun die Mitwirkung, die Gott hier von uns erwartet?<\/p><p>Zun\u00e4chst unser Gebet. \u2013 Der Glaube ist eine Gabe Gottes, und der Glaubensgeist kommt vom Geiste Gottes: \u201eHerr, vermehre unsern Glauben!\u201c (<a href=\"https:\/\/www.bibleserver.com\/NLB\/Lukas17%2C5\" class=\"bibleserver extern\" target=\"_blank\" rel=\"noopener\">Lk 17,5<\/a>). Wie der Vater des kranken Kindes im Evangelium, so sollen auch wir oft zu Christus sprechen: \u201eIch glaube, Herr, aber hilf meinem Unglauben!\u201c (<a href=\"https:\/\/www.bibleserver.com\/NLB\/Markus9%2C24\" class=\"bibleserver extern\" target=\"_blank\" rel=\"noopener\">Mk 9,24<\/a>). Gott allein ist es, der als Wirkursache den Glauben in uns vermehren kann, und wir m\u00fcssen uns bestreben, durch unsere Gebete und guten Werke eine Vermehrung unseres Glaubens zu verdienen.<\/p><p>Das will besagen, dass wir, nachdem wir den Glauben erlangt haben, denselben auch bet\u00e4tigen m\u00fcssen. \u2013 Gott gibt uns bei der Taufe den habitus, d. h. die eingegossene Tugend des Glaubens, der eine Kraft, ein Verm\u00f6gen ist; diese Kraft darf aber nicht brachliegen, diese Anlage aus Mangel an \u00dcbung nicht verk\u00fcmmern. Durch entsprechende Akte soll der Glaube mehr und mehr in uns erstarken. Wir d\u00fcrfen nicht zu jenen Seelen geh\u00f6ren, in denen das Glaubensleben erstorben ist.<\/p><p>Wir sollen h\u00e4ufig, nicht nur w\u00e4hrend unserer gottesdienstlichen \u00dcbungen, sondern auch bei all den vielen kleinen Einzelheiten unseres t\u00e4glichen Lebens, Glaubensakte erwecken. [\u2026] [Wir werden ermahnt], best\u00e4ndig, quotidie, in diesem Lichte des Glaubens zu wandeln.<\/p><cite>Unser Glaube, Sieg \u00fcber die Welt (in: Christus unser Ideal, Paderborn 1929, S. 121\u2013122), zitiert aus <a href=\"http:\/\/evangeliumtagfuertag.org\">Evangelium Tag f\u00fcr Tag<\/a>. <\/cite><\/blockquote>\n","protected":false},"excerpt":{"rendered":"<p>F\u00fcr was ist Gebet eigentlich gut? Gott wei\u00df doch sowieso schon alles! Das ist richtig. Aber neben dem Zweck, dass wir Menschen mit Gott aktiv in Verbindung bleiben und eine Freundschaft mit ihm pflegen sollen hat es noch einen anderen. Dies beschreibt Columba Marmion (1858-1923), Irischer M\u00f6nch und Abt so:<\/p>\n","protected":false},"author":1,"featured_media":9181,"comment_status":"open","ping_status":"open","sticky":false,"template":"","format":"standard","meta":{"jetpack_post_was_ever_published":false,"_jetpack_newsletter_access":"","_jetpack_dont_email_post_to_subs":false,"_jetpack_newsletter_tier_id":0,"_jetpack_memberships_contains_paywalled_content":false,"_jetpack_memberships_contains_paid_content":false,"footnotes":""},"categories":[2],"tags":[],"class_list":["post-9179","post","type-post","status-publish","format-standard","has-post-thumbnail","hentry","category-allgemein"],"jetpack_featured_media_url":"https:\/\/i0.wp.com\/www.projekt-kirche.de\/wp-content\/uploads\/2021\/08\/wp-16283241081453650780307864882276.jpg?fit=210%2C315&ssl=1","jetpack_shortlink":"https:\/\/wp.me\/p4Sdv6-2o3","jetpack_sharing_enabled":true,"_links":{"self":[{"href":"https:\/\/www.projekt-kirche.de\/index.php?rest_route=\/wp\/v2\/posts\/9179","targetHints":{"allow":["GET"]}}],"collection":[{"href":"https:\/\/www.projekt-kirche.de\/index.php?rest_route=\/wp\/v2\/posts"}],"about":[{"href":"https:\/\/www.projekt-kirche.de\/index.php?rest_route=\/wp\/v2\/types\/post"}],"author":[{"embeddable":true,"href":"https:\/\/www.projekt-kirche.de\/index.php?rest_route=\/wp\/v2\/users\/1"}],"replies":[{"embeddable":true,"href":"https:\/\/www.projekt-kirche.de\/index.php?rest_route=%2Fwp%2Fv2%2Fcomments&post=9179"}],"version-history":[{"count":3,"href":"https:\/\/www.projekt-kirche.de\/index.php?rest_route=\/wp\/v2\/posts\/9179\/revisions"}],"predecessor-version":[{"id":9183,"href":"https:\/\/www.projekt-kirche.de\/index.php?rest_route=\/wp\/v2\/posts\/9179\/revisions\/9183"}],"wp:featuredmedia":[{"embeddable":true,"href":"https:\/\/www.projekt-kirche.de\/index.php?rest_route=\/wp\/v2\/media\/9181"}],"wp:attachment":[{"href":"https:\/\/www.projekt-kirche.de\/index.php?rest_route=%2Fwp%2Fv2%2Fmedia&parent=9179"}],"wp:term":[{"taxonomy":"category","embeddable":true,"href":"https:\/\/www.projekt-kirche.de\/index.php?rest_route=%2Fwp%2Fv2%2Fcategories&post=9179"},{"taxonomy":"post_tag","embeddable":true,"href":"https:\/\/www.projekt-kirche.de\/index.php?rest_route=%2Fwp%2Fv2%2Ftags&post=9179"}],"curies":[{"name":"wp","href":"https:\/\/api.w.org\/{rel}","templated":true}]}}