{"id":9221,"date":"2021-10-21T20:22:08","date_gmt":"2021-10-21T18:22:08","guid":{"rendered":"https:\/\/www.projekt-kirche.de\/?p=9221"},"modified":"2024-01-18T11:01:49","modified_gmt":"2024-01-18T10:01:49","slug":"hat-jesus-priester-eingesetzt-und-duerfen-diese-nur-maenner-sein","status":"publish","type":"post","link":"https:\/\/www.projekt-kirche.de\/?p=9221","title":{"rendered":"Hat Jesus Priester eingesetzt und d\u00fcrfen diese nur M\u00e4nner sein?"},"content":{"rendered":"<div class=\"shariff\" data-title=\"Hat Jesus Priester eingesetzt und d\u00fcrfen diese nur M\u00e4nner sein?\" data-info-url=\"http:\/\/ct.de\/-2467514\" data-backend-url=\"https:\/\/www.projekt-kirche.de\/wp-content\/plugins\/shariff-sharing\/backend\/index.php\" data-temp=\"\/tmp\" data-ttl=\"60\" data-service=\"gftr\" data-services='[\"googleplus\",\"facebook\",\"twitter\",\"reddit\",\"info\"]' data-image=\"\" data-url=\"https:\/\/www.projekt-kirche.de\/?p=9221\" data-lang=\"de\" data-theme=\"colored\" data-orientation=\"horizontal\"><\/div>\n<p>Zur Zeit gibt es &#8211;&nbsp;nicht zuletzt aufgrund des sogenannten &#8220;Synodalen Weges&#8221; &#8211;&nbsp;eine nicht abbrechende Diskussion dar\u00fcber, ob Jesus wirklich Priester eingesetzt hat bzw. diese f\u00fcr die Kirche&nbsp;\u00fcberhaupt notwendig sind oder auch warum diese immer M\u00e4nner sein m\u00fcssen. <\/p>\n\n\n\n<!--more-->\n\n\n\n<p>Viele Frauen in der katholischen Kirche fragen sich n\u00e4mlich, ob es nicht ungerecht sei, dass Frauen nicht Priester werden d\u00fcrfen.<\/p>\n\n\n\n<p>Und die evangelische Kirche und viele Freikirchen bezweifeln \u00fcberhaupt, dass das Priestertum biblisch, d. h. aus der Bibel begr\u00fcndbar sei&nbsp;bzw. dass&nbsp;Jesus Priester eingesetzt hat.<\/p>\n\n\n\n<p>Das Wort &#8220;Priester&#8221; leitet sich eigentlich vom&nbsp;griechischen Begriff &#8220;Presbyter&#8221;, d. h. \u00fcbersetzt &#8220;\u00c4ltester&#8221; ab. \u00c4lteste werden im Neuen Testament bereits erw\u00e4hnt&nbsp;(siehe <a href=\"https:\/\/www.bibleserver.com\/NLB\/1.Timotheus5%2C17\" class=\"bibleserver extern\" target=\"_blank\" rel=\"noopener\">1.Tim 5,17<\/a>, <a href=\"https:\/\/www.bibleserver.com\/NLB\/Titus1%2C5\" class=\"bibleserver extern\" target=\"_blank\" rel=\"noopener\">Tit 1,5<\/a> <a href=\"https:\/\/www.bibleserver.com\/NLB\/Apostelgeschichte11%2C30\" class=\"bibleserver extern\" target=\"_blank\" rel=\"noopener\">Apg 11,30<\/a>) und waren damals von den Aposteln als lokale Leiter der Ortsgemeinden bzw. als Unterst\u00fctzung der Bisch\u00f6fe ernannt worden. Diese \u00c4lteste wurden (i. d. R.&nbsp;)&nbsp;durch Handauflegung (&#8220;Weihe&#8221;) eingesetzt und standen ggf. auch in Vertretung der Apostel bzw. Bisch\u00f6fe dem &#8220;Brotbrechen&#8221; (Abendmahl bzw. Eucharistie) vor.<\/p>\n\n\n\n<p>Genauso wie&nbsp;die Bisch\u00f6fe als Nachfolger der Apostel hatten sie (und haben sie auch heute noch als Priester) teil&nbsp;am hohenpriesterlichen Amt Jesu Christi (siehe <a href=\"https:\/\/www.vatican.va\/archive\/DEU0035\/__P4Z.HTM\" data-type=\"URL\" data-id=\"https:\/\/www.vatican.va\/archive\/DEU0035\/__P4Z.HTM\" target=\"_blank\" rel=\"noreferrer noopener\">Katechismus der Katholischen Kirche, \u00a71544<\/a>).<\/p>\n\n\n\n<p>D. h. im Gegensatz zu den alttestamentarischen Priestern, die aufgrund ihrer Abstammung (von Levi bzw. Aaron) ihr Priestertum erhielten, \u00fcben die Priester des Neuen Testaments nicht ihr eigenes, pers\u00f6nliches Priestertum aus, sondern dasjenige Jesu Christi, das folgenderma\u00dfen in der Bibel beschrieben wird:<\/p>\n\n\n\n<blockquote class=\"wp-block-quote is-layout-flow wp-block-quote-is-layout-flow\">\n<p>8&nbsp;Obwohl er der Sohn war, hat er durch das, was er gelitten hat, den Gehorsam gelernt; 9&nbsp;zur Vollendung gelangt, ist er f\u00fcr alle, die ihm gehorchen, der Urheber des ewigen Heils geworden 10&nbsp;und wurde von Gott angeredet als Hohepriester nach der Ordnung Melchisedeks. 11&nbsp;Und jeder Priester steht Tag f\u00fcr Tag da, versieht seinen Dienst und bringt viele Male die gleichen Opfer dar, die doch niemals S\u00fcnden wegnehmen k\u00f6nnen. 12&nbsp;Dieser aber hat nur ein einziges Opfer f\u00fcr die S\u00fcnden dargebracht und sich dann f\u00fcr immer zur Rechten Gottes gesetzt; 13&nbsp;seitdem wartet er, bis seine Feinde ihm als Schemel unter die F\u00fc\u00dfe gelegt werden. 14&nbsp;Denn durch ein einziges Opfer hat er die, die geheiligt werden, f\u00fcr immer zur Vollendung gef\u00fchrt.<\/p>\n<cite><a href=\"https:\/\/www.bibleserver.com\/NLB\/Hebr%C3%A4er5%2C8-14\" class=\"bibleserver extern\" target=\"_blank\" rel=\"noopener\">Hebr\u00e4er 5,8\u201314<\/a>&nbsp;(E\u00dc)<\/cite><\/blockquote>\n\n\n\n<p>Denn nur Jesus selbst konnte durch Darbringung seiner selbst als das einzig wahre und vollst\u00e4ndige und f\u00fcr immer wirksames&nbsp;Opfer, die Menschen mit Gott vers\u00f6hnen.&nbsp;Und an diesem&nbsp;Dienst der Vers\u00f6hnung nehmen die Priester als Repr\u00e4sentanten Jesu Christi teil, indem sie das Abendmahl bzw. die Eucharistie feiern, dabei Instrument zur&nbsp;Vergegenw\u00e4rtigung des Opfer Jesu Christi werden (durch die vom Heiligen Geist gewirkte&nbsp;Wandlung von Brot und Wein in den Leib und das Blut Christi, vgl.&nbsp;<a href=\"https:\/\/www.bibleserver.com\/NLB\/Matth%C3%A4us26%2C26-28\" class=\"bibleserver extern\" target=\"_blank\" rel=\"noopener\">Mt&nbsp;26,26\u201328<\/a>) und in&nbsp;der Beichte die Vergebung der S\u00fcnden im Namen Jesu zusprechen.<\/p>\n\n\n\n<p>Der Priester hat die priesterliche&nbsp;Aufgabe zwischen dem Volk und Gott zu &#8220;vermitteln&#8221;. Und zwar in dem Sinne, dass er in Vertretung des Volkes Gott Opfer (-gaben)&nbsp;darbringt:<\/p>\n\n\n\n<blockquote class=\"wp-block-quote is-layout-flow wp-block-quote-is-layout-flow\">\n<p>Denn jeder Hohepriester wird aus den Menschen genommen und f\u00fcr die Menschen eingesetzt zum Dienst vor Gott, um Gaben und Opfer f\u00fcr die S\u00fcnden darzubringen. <span style=\"font-size: revert;\"><\/span><\/p>\n<cite><a href=\"https:\/\/www.bibleserver.com\/NLB\/Hebr%C3%A4er5%2C1\" class=\"bibleserver extern\" target=\"_blank\" rel=\"noopener\">Hebr\u00e4er 5,1<\/a> (E\u00dc)<\/cite><\/blockquote>\n\n\n\n<p>und andererseits in Vertretung bzw. besser Repr\u00e4sentation&nbsp;Jesu, Brot und Wein im Abendmahl bzw. der Eucharistie <\/p>\n\n\n\n<p>Inwiefern wurden die Priester jetzt aber von Jesus selbst eingesetzt?&nbsp;Dies geschah (nach katholischem Glauben) durch Berufung der 12 Apostel, den ersten Bisch\u00f6fen und Priestern&nbsp;und das Anhauchen als Vorausbild f\u00fcr das Kommen des Heiligen Geistes an Pfingsten:<\/p>\n\n\n\n<blockquote class=\"wp-block-quote is-layout-flow wp-block-quote-is-layout-flow\">\n<p>12&nbsp;Es geschah aber in diesen Tagen, dass er auf einen Berg ging, um zu beten. Und er verbrachte die ganze Nacht im Gebet zu Gott. 13&nbsp;Als es Tag wurde, rief er seine J\u00fcnger zu sich und w\u00e4hlte aus ihnen zw\u00f6lf aus; sie nannte er auch Apostel: 14&nbsp;Simon, den er auch Petrus nannte, und dessen Bruder Andreas, Jakobus, Johannes, Philippus, Bartholom\u00e4us, 15&nbsp;Matth\u00e4us, Thomas, Jakobus, den Sohn des Alph\u00e4us, Simon, genannt der Zelot, 16&nbsp;Judas, den Sohn des Jakobus, und Judas Iskariot, der zum Verr\u00e4ter wurde.<\/p>\n<cite><a href=\"https:\/\/www.bibleserver.com\/NLB\/Lukas6%2C12-16\" class=\"bibleserver extern\" target=\"_blank\" rel=\"noopener\">Lukas 6,12\u201316<\/a> (E\u00dc)<\/cite><\/blockquote>\n\n\n\n<p>und<\/p>\n\n\n\n<blockquote class=\"wp-block-quote is-layout-flow wp-block-quote-is-layout-flow\">\n<p>Friede sei mit euch! Wie mich der Vater gesandt hat, so sende ich euch. 22&nbsp;Nachdem er das gesagt hatte, hauchte er sie an und sagte zu ihnen: Empfangt den Heiligen Geist! 23&nbsp;Denen ihr die S\u00fcnden erlasst, denen sind sie erlassen; denen ihr sie behaltet, sind sie behalten.&#8221;<\/p>\n<cite><a href=\"https:\/\/www.bibleserver.com\/NLB\/Johannes20%2C21-23\" class=\"bibleserver extern\" target=\"_blank\" rel=\"noopener\">Johannes 20,21\u201323<\/a> (E\u00dc)<\/cite><\/blockquote>\n\n\n\n<p>D. h. Jesus hat aus seiner Gefolgschaft von M\u00e4nnern und Frauen 12 M\u00e4nner ausgew\u00e4hlt, die ihn nach seinem Weggang in den Himmel&nbsp;nicht nur in der Welt verk\u00fcnden solle, sondern auch repr\u00e4sentieren und seinen Dienst der Vers\u00f6hnung in seinem Namen fortf\u00fchren sollen. <\/p>\n\n\n\n<p>Und da Jesus explizit nur M\u00e4nner f\u00fcr diesen Dienst ausgew\u00e4hlt hat, obwohl gen\u00fcgend tief gl\u00e4ubige Frauen in seiner Gefolgschaft waren, inklusive seiner Mutter Maria, weiht die katholische Kirche auch heute noch nur M\u00e4nner zu Bisch\u00f6fen bzw. Priestern.<\/p>\n\n\n\n<p>Siehe auch den<a href=\"https:\/\/www.youtube.com\/watch?v=gNJs5tiyb-k\" target=\"_blank\" rel=\"noreferrer noopener\"> 3 Minute Catechism \u00fcber den katholischen Priester<\/a>.<\/p>\n\n\n\n<p><strong>Update 18.1.2024: <\/strong>siehe auch <a href=\"https:\/\/www.projekt-kirche.de\/?p=9329\">5 Fragen zum katholischen Priestertum<\/a><\/p>\n","protected":false},"excerpt":{"rendered":"<p>Zur Zeit gibt es &#8211;&nbsp;nicht zuletzt aufgrund des sogenannten &#8220;Synodalen Weges&#8221; &#8211;&nbsp;eine nicht abbrechende Diskussion dar\u00fcber, ob Jesus wirklich Priester eingesetzt hat bzw. diese f\u00fcr die Kirche&nbsp;\u00fcberhaupt notwendig sind oder auch warum diese immer M\u00e4nner sein m\u00fcssen.<\/p>\n","protected":false},"author":1,"featured_media":9228,"comment_status":"open","ping_status":"open","sticky":false,"template":"","format":"standard","meta":{"jetpack_post_was_ever_published":false,"_jetpack_newsletter_access":"","_jetpack_dont_email_post_to_subs":false,"_jetpack_newsletter_tier_id":0,"_jetpack_memberships_contains_paywalled_content":false,"_jetpack_memberships_contains_paid_content":false,"footnotes":""},"categories":[2],"tags":[],"class_list":["post-9221","post","type-post","status-publish","format-standard","has-post-thumbnail","hentry","category-allgemein"],"jetpack_featured_media_url":"https:\/\/i0.wp.com\/www.projekt-kirche.de\/wp-content\/uploads\/2021\/10\/pexels-media-8815299.jpeg?fit=1920%2C1282&ssl=1","jetpack_shortlink":"https:\/\/wp.me\/p4Sdv6-2oJ","jetpack_sharing_enabled":true,"_links":{"self":[{"href":"https:\/\/www.projekt-kirche.de\/index.php?rest_route=\/wp\/v2\/posts\/9221","targetHints":{"allow":["GET"]}}],"collection":[{"href":"https:\/\/www.projekt-kirche.de\/index.php?rest_route=\/wp\/v2\/posts"}],"about":[{"href":"https:\/\/www.projekt-kirche.de\/index.php?rest_route=\/wp\/v2\/types\/post"}],"author":[{"embeddable":true,"href":"https:\/\/www.projekt-kirche.de\/index.php?rest_route=\/wp\/v2\/users\/1"}],"replies":[{"embeddable":true,"href":"https:\/\/www.projekt-kirche.de\/index.php?rest_route=%2Fwp%2Fv2%2Fcomments&post=9221"}],"version-history":[{"count":26,"href":"https:\/\/www.projekt-kirche.de\/index.php?rest_route=\/wp\/v2\/posts\/9221\/revisions"}],"predecessor-version":[{"id":9982,"href":"https:\/\/www.projekt-kirche.de\/index.php?rest_route=\/wp\/v2\/posts\/9221\/revisions\/9982"}],"wp:featuredmedia":[{"embeddable":true,"href":"https:\/\/www.projekt-kirche.de\/index.php?rest_route=\/wp\/v2\/media\/9228"}],"wp:attachment":[{"href":"https:\/\/www.projekt-kirche.de\/index.php?rest_route=%2Fwp%2Fv2%2Fmedia&parent=9221"}],"wp:term":[{"taxonomy":"category","embeddable":true,"href":"https:\/\/www.projekt-kirche.de\/index.php?rest_route=%2Fwp%2Fv2%2Fcategories&post=9221"},{"taxonomy":"post_tag","embeddable":true,"href":"https:\/\/www.projekt-kirche.de\/index.php?rest_route=%2Fwp%2Fv2%2Ftags&post=9221"}],"curies":[{"name":"wp","href":"https:\/\/api.w.org\/{rel}","templated":true}]}}