{"id":9270,"date":"2021-12-10T08:04:00","date_gmt":"2021-12-10T07:04:00","guid":{"rendered":"https:\/\/www.projekt-kirche.de\/?p=9270"},"modified":"2021-12-10T08:06:04","modified_gmt":"2021-12-10T07:06:04","slug":"kaempfe-nicht-gegen-die-zeit","status":"publish","type":"post","link":"https:\/\/www.projekt-kirche.de\/?p=9270","title":{"rendered":"K\u00e4mpfe nicht gegen die Zeit"},"content":{"rendered":"<div class=\"shariff\" data-title=\"K\u00e4mpfe nicht gegen die Zeit\" data-info-url=\"http:\/\/ct.de\/-2467514\" data-backend-url=\"https:\/\/www.projekt-kirche.de\/wp-content\/plugins\/shariff-sharing\/backend\/index.php\" data-temp=\"\/tmp\" data-ttl=\"60\" data-service=\"gftr\" data-services='[\"googleplus\",\"facebook\",\"twitter\",\"reddit\",\"info\"]' data-image=\"\" data-url=\"https:\/\/www.projekt-kirche.de\/?p=9270\" data-lang=\"de\" data-theme=\"colored\" data-orientation=\"horizontal\"><\/div>\n<p>Geht es dir nicht auch manchmal so, dass du total unzufrieden und frustriert bist, weil die Dinge in deinem Leben nicht so laufen wie du dir das w\u00fcnschst oder vorgestellt hast? <\/p>\n\n\n\n<!--more-->\n\n\n\n<p>Und dann denkst du vielleicht, ich glaube doch an Gott, an einen guten Gott, der mir doch helfen m\u00fcsste. Warum erh\u00f6rt er meine Gebete denn nicht? Mag er mich doch nicht? Will er mich vielleicht einfach nur f\u00fcr etwas strafen? <\/p>\n\n\n\n<p>Der M\u00f6nch Johannes Klimakos, der ca. zwischen 575 &#8211; 650 auf dem Berg Sinai lebte, hat dazu sehr interessante und erhellende Gedanken zum biblischen Buch Kohelet (Prediger) verfasst:<\/p>\n\n\n\n<blockquote class=\"wp-block-quote is-layout-flow wp-block-quote-is-layout-flow\"><p>Wenn es, wie der Prediger [Kohelet] sagt, \u201ef\u00fcr jedes Geschehen unter dem Himmel eine bestimmte Zeit gibt\u201c (vgl. <a href=\"https:\/\/www.bibleserver.com\/NLB\/Prediger3%2C1\" class=\"bibleserver extern\" target=\"_blank\" rel=\"noopener\">Koh 3,1<\/a>) und mit \u201ejedes Geschehen\u201c auch alles gemeint ist, was unsere heilige Lebensweise betrifft, dann lasst uns bitte gut darauf achtgeben, in jedem Augenblick nach dem zu trachten, was dieser Zeit angemessen ist.<\/p><p>Denn sicherlich gibt es bei denen, die sich im geistlichen Kampfe m\u00fchen, eine Zeit der Unersch\u00fctterlichkeit und eine Zeit, da die Leidenschaften vorherrschen [\u2026]; es gibt eine Zeit der [Reue-] Tr\u00e4nen und eine Zeit der Herzensh\u00e4rte, eine Zeit des Gehorchens und eine Zeit des Gebietens, eine Zeit des Fastens und eine Zeit der Nahrungsaufnahme, eine Zeit des Kampfes gegen das Fleisch, unseren Feind, und eine Zeit, da das Feuer erloschen ist; es gibt eine Zeit des Sturmes f\u00fcr die Seele und eine Zeit der Ruhe des Geistes, eine Zeit der Betr\u00fcbtheit des Herzens und eine Zeit geistlicher Freude, eine Zeit des Lehrens und eine Zeit des Zuh\u00f6rens, eine Zeit der Befleckungen \u2013 vielleicht aufgrund unseres Stolzes \u2013 und eine Zeit der Reinigung durch Demut, eine Zeit des Kampfes und eine Zeit der Waffenruhe, fern der Gefahr; eine Zeit der Hesychia* und eine Zeit, sich konzentriert der T\u00e4tigkeit hinzugeben, eine Zeit des unabl\u00e4ssigen Gebetes und eine Zeit aufrichtigen Dienens.<\/p><p>Wir wollen also nicht, durch stolzen Eifer verleitet und angetrieben, vor der Zeit das suchen, was zu seiner Zeit kommen wird. Das hei\u00dft, lasst uns nicht im Winter suchen, was im Sommer kommen soll, oder zur Zeit der Aussaat, was zur Zeit der Ernte kommen soll; denn es gibt eine Zeit, M\u00fchen zu s\u00e4en, und eine Zeit, unaussprechliche Gnadengaben zu ernten. Andernfalls werden wir selbst dann, wenn die Zeit gekommen ist, nicht das erhalten, was f\u00fcr diese Zeit angemessen w\u00e4re.<\/p><p><\/p><p>*) H\u00e9sychia: tiefer Herzensfriede und v\u00f6llige Ruhe der Seele durch die \u00dcbung des Jesus-Gebetes.<\/p><cite>Klimax oder Die Himmelsleiter, 26. Kapitel, 59 (L\u2019\u00c9chelle sainte, Coll. SO n\u00b0 24, \u00e9d. Bellefontaine 1978, p. 246; ins Dt. trad. \u00a9 <a href=\"http:\/\/www.evangeliumtagfuertag.org\">Evangelizo<\/a>)<\/cite><\/blockquote>\n","protected":false},"excerpt":{"rendered":"<p>Geht es dir nicht auch manchmal so, dass du total unzufrieden und frustriert bist, weil die Dinge in deinem Leben nicht so laufen wie du dir das w\u00fcnschst oder vorgestellt hast?<\/p>\n","protected":false},"author":1,"featured_media":9272,"comment_status":"open","ping_status":"open","sticky":false,"template":"","format":"standard","meta":{"jetpack_post_was_ever_published":false,"_jetpack_newsletter_access":"","_jetpack_dont_email_post_to_subs":false,"_jetpack_newsletter_tier_id":0,"_jetpack_memberships_contains_paywalled_content":false,"_jetpack_memberships_contains_paid_content":false,"footnotes":""},"categories":[88],"tags":[],"class_list":["post-9270","post","type-post","status-publish","format-standard","has-post-thumbnail","hentry","category-weisheit"],"jetpack_featured_media_url":"https:\/\/i0.wp.com\/www.projekt-kirche.de\/wp-content\/uploads\/2021\/12\/John-Climacus.jpg?fit=473%2C590&ssl=1","jetpack_shortlink":"https:\/\/wp.me\/p4Sdv6-2pw","jetpack_sharing_enabled":true,"_links":{"self":[{"href":"https:\/\/www.projekt-kirche.de\/index.php?rest_route=\/wp\/v2\/posts\/9270","targetHints":{"allow":["GET"]}}],"collection":[{"href":"https:\/\/www.projekt-kirche.de\/index.php?rest_route=\/wp\/v2\/posts"}],"about":[{"href":"https:\/\/www.projekt-kirche.de\/index.php?rest_route=\/wp\/v2\/types\/post"}],"author":[{"embeddable":true,"href":"https:\/\/www.projekt-kirche.de\/index.php?rest_route=\/wp\/v2\/users\/1"}],"replies":[{"embeddable":true,"href":"https:\/\/www.projekt-kirche.de\/index.php?rest_route=%2Fwp%2Fv2%2Fcomments&post=9270"}],"version-history":[{"count":6,"href":"https:\/\/www.projekt-kirche.de\/index.php?rest_route=\/wp\/v2\/posts\/9270\/revisions"}],"predecessor-version":[{"id":9277,"href":"https:\/\/www.projekt-kirche.de\/index.php?rest_route=\/wp\/v2\/posts\/9270\/revisions\/9277"}],"wp:featuredmedia":[{"embeddable":true,"href":"https:\/\/www.projekt-kirche.de\/index.php?rest_route=\/wp\/v2\/media\/9272"}],"wp:attachment":[{"href":"https:\/\/www.projekt-kirche.de\/index.php?rest_route=%2Fwp%2Fv2%2Fmedia&parent=9270"}],"wp:term":[{"taxonomy":"category","embeddable":true,"href":"https:\/\/www.projekt-kirche.de\/index.php?rest_route=%2Fwp%2Fv2%2Fcategories&post=9270"},{"taxonomy":"post_tag","embeddable":true,"href":"https:\/\/www.projekt-kirche.de\/index.php?rest_route=%2Fwp%2Fv2%2Ftags&post=9270"}],"curies":[{"name":"wp","href":"https:\/\/api.w.org\/{rel}","templated":true}]}}