{"id":9296,"date":"2022-03-04T07:24:48","date_gmt":"2022-03-04T06:24:48","guid":{"rendered":"https:\/\/www.projekt-kirche.de\/?p=9296"},"modified":"2022-03-05T08:25:07","modified_gmt":"2022-03-05T07:25:07","slug":"ueber-das-fasten-2","status":"publish","type":"post","link":"https:\/\/www.projekt-kirche.de\/?p=9296","title":{"rendered":"\u00dcber das Fasten"},"content":{"rendered":"<div class=\"shariff\" data-title=\"\u00dcber das Fasten\" data-info-url=\"http:\/\/ct.de\/-2467514\" data-backend-url=\"https:\/\/www.projekt-kirche.de\/wp-content\/plugins\/shariff-sharing\/backend\/index.php\" data-temp=\"\/tmp\" data-ttl=\"60\" data-service=\"gftr\" data-services='[\"googleplus\",\"facebook\",\"twitter\",\"reddit\",\"info\"]' data-image=\"\" data-url=\"https:\/\/www.projekt-kirche.de\/?p=9296\" data-lang=\"de\" data-theme=\"colored\" data-orientation=\"horizontal\"><\/div>\n<p>Wir haben Fastenzeit.<\/p>\n\n\n\n<p>Warum wir fasten sollen ist heute vielen Christen aber gar nicht mehr klar. Fasten scheint ja auch eine aus der Zeit gefallene christliche Tradition zu sein. Zumindest das Fasten zur eigenen L\u00e4uterung und zur Unterst\u00fctzung unserer Gebetsanliegen (im Gegensatz zum gesundheitlichen Fasten). Und Fasten ist nat\u00fcrlich auch eine ganz praktische Herausforderung. <\/p>\n\n\n\n<!--more-->\n\n\n\n<p>Ich denke aber, das man sich zumindest ein kleines Fastenziel setzen sollte, z. B. von Montag bis Samstag auf S\u00fc\u00dfigkeiten und Fleisch zu verzichten und die Zeit mit regelm\u00e4\u00dfigen Gebet und auch Almosen, d. h. Spenden f\u00fcr Notleidende zu verbinden. Gerade jetzt, wo die Ukraine so leiden muss und mittlerweile auch Europa in konkreter Gefahr eines gro\u00dfen Krieges oder gar atomarer Verseuchung besteht.<\/p>\n\n\n\n<p>Der heilige Romanos Melodos (um 560 n. Chr.) erkl\u00e4rt uns dazu den Sinn und Zweck des Fastens in eindr\u00fccklicher Weise:<\/p>\n\n\n\n<blockquote class=\"wp-block-quote is-layout-flow wp-block-quote-is-layout-flow\"><p>\u00dcberlasse dich der Reue, meine Seele; vereinige dich im Geiste mit Christus; schluchze laut: \u201eVergib mir meine b\u00f6sen Taten, damit ich von dir, dem Einen Guten (vgl. <a href=\"https:\/\/www.bibleserver.com\/NLB\/Markus10%2C18\" class=\"bibleserver extern\" target=\"_blank\" rel=\"noopener\">Mk 10,18<\/a>) die Vergebung und das ewige Leben empfange\u201c. [\u2026]<\/p><p>Mose und Elija, diese Feuers\u00e4ulen, waren gro\u00df in ihren Werken. [\u2026] Sie sind die ersten unter den Propheten. Sie redeten freim\u00fctig mit Gott, nahten sich ihm gern, um zu beten und von Angesicht zu Angesicht mit ihm zu sprechen (vgl. <a href=\"https:\/\/www.bibleserver.com\/NLB\/2.Mose34%2C5\" class=\"bibleserver extern\" target=\"_blank\" rel=\"noopener\">Ex 34,5<\/a>; <a href=\"https:\/\/www.bibleserver.com\/NLB\/1.K%C3%B6nige19%2C13\" class=\"bibleserver extern\" target=\"_blank\" rel=\"noopener\">1 K\u00f6n 19,13<\/a>) \u2013 etwas Erstaunliches und Unglaubliches! Und doch waren sie darauf bedacht, das Fasten zu \u00fcben, das sie zu Gott f\u00fchrte (vgl. <a href=\"https:\/\/www.bibleserver.com\/NLB\/2.Mose34%2C28\" class=\"bibleserver extern\" target=\"_blank\" rel=\"noopener\">Ex 34,28<\/a>; <a href=\"https:\/\/www.bibleserver.com\/NLB\/1.K%C3%B6nige19%2C8\" class=\"bibleserver extern\" target=\"_blank\" rel=\"noopener\">1 K\u00f6n 19,8<\/a>). Das Fasten also, zusammen mit den Werken, verschafft ewiges Leben.<\/p><p>Durch das Fasten werden die D\u00e4monen wie mit einem Schwert in die Flucht geschlagen, denn sie k\u00f6nnen die damit verbundenen Freuden nicht ertragen; sie lieben den Genussmenschen und den Trunkenbold. Aber dem Fasten ins Gesicht zu schauen, das ertragen sie nicht. Sie ergreifen die Flucht, wie uns Christus, unser Gott, lehrt, wenn er sagt: \u201eDiese Art von D\u00e4monen kann nur durch Fasten und Gebet ausgetrieben werden\u201c (vgl. <a href=\"https:\/\/www.bibleserver.com\/NLB\/Markus9%2C29\" class=\"bibleserver extern\" target=\"_blank\" rel=\"noopener\">Mk 9,29<\/a>). Deshalb werden wir belehrt, dass Fasten den Menschen ewiges Leben verleiht. [\u2026]<\/p><p>Fasten gibt denen, die es \u00fcben, das Vaterhaus zur\u00fcck, aus dem Adam vertrieben wurde. [\u2026] Gott selber war es, der Freund des Menschen (vgl. Weish 1,6), der den Menschen, den er geschaffen hatte, zun\u00e4chst dem Fasten anvertraute, wie einer liebevollen Mutter, wie einem Lehrer: Nur von einem einzigen Baum sollten sie nicht essen (vgl. <a href=\"https:\/\/www.bibleserver.com\/NLB\/1.Mose2%2C17\" class=\"bibleserver extern\" target=\"_blank\" rel=\"noopener\">Gen 2,17<\/a>). Und h\u00e4tte der Mensch dieses Fasten befolgt, dann h\u00e4tte er bei den Engeln wohnen k\u00f6nnen. Aber er verwarf es und fand M\u00fchsal und Tod, die Herbheit von Dornen und Disteln, die Qual eines leidvollen Lebens (vgl. <a href=\"https:\/\/www.bibleserver.com\/NLB\/1.Mose3%2C17-18\" class=\"bibleserver extern\" target=\"_blank\" rel=\"noopener\">Gen 3,17\u201318<\/a>). Wenn sich das Fasten sogar im Paradies als n\u00fctzlich erweist, um wie viel mehr lohnt es sich dann hier auf Erden, damit wir das ewige Leben erlangen!<\/p><cite>Hymnus \u201eAdam und Eva\u201c, 1\u20135 ; SC 99 (Hymnes, \u00c9d. du Cerf 1964, p. 71, rev.; ins Dt. \u00fcbers. \u00a9 <a href=\"http:\/\/www.evangeliumtagfuertag.org\">Evangelizo<\/a>)<\/cite><\/blockquote>\n","protected":false},"excerpt":{"rendered":"<p>Wir haben Fastenzeit. Warum wir fasten sollen ist heute vielen Christen aber gar nicht mehr klar. Fasten scheint ja auch eine aus der Zeit gefallene christliche Tradition zu sein. Zumindest das Fasten zur eigenen L\u00e4uterung und zur Unterst\u00fctzung unserer Gebetsanliegen (im Gegensatz zum gesundheitlichen Fasten). Und Fasten ist nat\u00fcrlich auch eine ganz praktische Herausforderung.<\/p>\n","protected":false},"author":1,"featured_media":9299,"comment_status":"open","ping_status":"open","sticky":false,"template":"","format":"standard","meta":{"jetpack_post_was_ever_published":false,"_jetpack_newsletter_access":"","_jetpack_dont_email_post_to_subs":false,"_jetpack_newsletter_tier_id":0,"_jetpack_memberships_contains_paywalled_content":false,"_jetpack_memberships_contains_paid_content":false,"footnotes":""},"categories":[2],"tags":[],"class_list":["post-9296","post","type-post","status-publish","format-standard","has-post-thumbnail","hentry","category-allgemein"],"jetpack_featured_media_url":"https:\/\/i0.wp.com\/www.projekt-kirche.de\/wp-content\/uploads\/2022\/03\/Ag-Romanos-Melodos.png?fit=700%2C906&ssl=1","jetpack_shortlink":"https:\/\/wp.me\/p4Sdv6-2pW","jetpack_sharing_enabled":true,"_links":{"self":[{"href":"https:\/\/www.projekt-kirche.de\/index.php?rest_route=\/wp\/v2\/posts\/9296","targetHints":{"allow":["GET"]}}],"collection":[{"href":"https:\/\/www.projekt-kirche.de\/index.php?rest_route=\/wp\/v2\/posts"}],"about":[{"href":"https:\/\/www.projekt-kirche.de\/index.php?rest_route=\/wp\/v2\/types\/post"}],"author":[{"embeddable":true,"href":"https:\/\/www.projekt-kirche.de\/index.php?rest_route=\/wp\/v2\/users\/1"}],"replies":[{"embeddable":true,"href":"https:\/\/www.projekt-kirche.de\/index.php?rest_route=%2Fwp%2Fv2%2Fcomments&post=9296"}],"version-history":[{"count":10,"href":"https:\/\/www.projekt-kirche.de\/index.php?rest_route=\/wp\/v2\/posts\/9296\/revisions"}],"predecessor-version":[{"id":9310,"href":"https:\/\/www.projekt-kirche.de\/index.php?rest_route=\/wp\/v2\/posts\/9296\/revisions\/9310"}],"wp:featuredmedia":[{"embeddable":true,"href":"https:\/\/www.projekt-kirche.de\/index.php?rest_route=\/wp\/v2\/media\/9299"}],"wp:attachment":[{"href":"https:\/\/www.projekt-kirche.de\/index.php?rest_route=%2Fwp%2Fv2%2Fmedia&parent=9296"}],"wp:term":[{"taxonomy":"category","embeddable":true,"href":"https:\/\/www.projekt-kirche.de\/index.php?rest_route=%2Fwp%2Fv2%2Fcategories&post=9296"},{"taxonomy":"post_tag","embeddable":true,"href":"https:\/\/www.projekt-kirche.de\/index.php?rest_route=%2Fwp%2Fv2%2Ftags&post=9296"}],"curies":[{"name":"wp","href":"https:\/\/api.w.org\/{rel}","templated":true}]}}