{"id":9329,"date":"2022-04-10T11:13:20","date_gmt":"2022-04-10T09:13:20","guid":{"rendered":"https:\/\/www.projekt-kirche.de\/?p=9329"},"modified":"2023-03-10T21:02:07","modified_gmt":"2023-03-10T20:02:07","slug":"5-fragen-zum-katholischen-priestertum","status":"publish","type":"post","link":"https:\/\/www.projekt-kirche.de\/?p=9329","title":{"rendered":"5 Fragen zum katholischen Priestertum"},"content":{"rendered":"<div class=\"shariff\" data-title=\"5 Fragen zum katholischen Priestertum\" data-info-url=\"http:\/\/ct.de\/-2467514\" data-backend-url=\"https:\/\/www.projekt-kirche.de\/wp-content\/plugins\/shariff-sharing\/backend\/index.php\" data-temp=\"\/tmp\" data-ttl=\"60\" data-service=\"gftr\" data-services='[\"googleplus\",\"facebook\",\"twitter\",\"reddit\",\"info\"]' data-image=\"\" data-url=\"https:\/\/www.projekt-kirche.de\/?p=9329\" data-lang=\"de\" data-theme=\"colored\" data-orientation=\"horizontal\"><\/div>\n<p>Nachdem es schon seit Monaten und Jahren eine intensive Diskussion, nicht nur in der Kirche, sondern auch in der Gesellschaft zum katholischen Priestertum gibt, nicht zuletzt aufgrund des Missbrauchsskandals in der katholischen Kirche, habe ich mal ein Video erstellt mit dem Titel &#8220;5 Fragen zum katholischen Priestertum (Update)&#8221;:<\/p>\n\n\n\n<figure class=\"wp-block-embed is-type-video is-provider-youtube wp-block-embed-youtube wp-embed-aspect-16-9 wp-has-aspect-ratio\"><div class=\"wp-block-embed__wrapper\">\n<span class=\"embed-youtube\" style=\"text-align:center; display: block;\"><iframe loading=\"lazy\" class=\"youtube-player\" width=\"629\" height=\"354\" src=\"https:\/\/www.youtube.com\/embed\/TfT7tHsD8Cw?version=3&#038;rel=1&#038;showsearch=0&#038;showinfo=1&#038;iv_load_policy=1&#038;fs=1&#038;hl=de-DE&#038;autohide=2&#038;wmode=transparent\" allowfullscreen=\"true\" style=\"border:0;\" sandbox=\"allow-scripts allow-same-origin allow-popups allow-presentation allow-popups-to-escape-sandbox\"><\/iframe><\/span>\n<\/div><\/figure>\n\n\n\n<!--more-->\n\n\n\n<p>Dieses Video gibt auf folgende Fragen eine verst\u00e4ndliche Antwort, soweit das in aller K\u00fcrze m\u00f6glich ist:<\/p>\n\n\n\n<ol class=\"wp-block-list\">\n<li>Ist das katholische Priestertum \u00fcberhaupt biblisch? [<a href=\"https:\/\/www.youtube.com\/watch?v=z6MKVdzGQ4Y&amp;t=49s\">0:49<\/a>]<\/li>\n\n\n\n<li>Wozu braucht man \u00fcberhaupt katholische Priester? [<a href=\"https:\/\/www.youtube.com\/watch?v=z6MKVdzGQ4Y&amp;t=124s\">2:04<\/a>]<\/li>\n\n\n\n<li>Kann nicht jeder Christ auch Priester sein? [<a href=\"https:\/\/www.youtube.com\/watch?v=z6MKVdzGQ4Y&amp;t=422s\">7:02<\/a>]<\/li>\n\n\n\n<li>Warum d\u00fcrfen katholische Priester nicht heiraten? [<a href=\"https:\/\/www.youtube.com\/watch?v=z6MKVdzGQ4Y&amp;t=604s\">10:04<\/a>]<\/li>\n\n\n\n<li>Warum k\u00f6nnen Frauen nicht katholische Priester werden? [<a href=\"https:\/\/www.youtube.com\/watch?v=z6MKVdzGQ4Y&amp;t=750s\">12:30<\/a>]<\/li>\n<\/ol>\n\n\n\n<p>Da die angesprochenen Themen nat\u00fcrlich weitaus komplexer sind, habe ich dem Video eine Liste mit weiterf\u00fchrenden Literaturhinweise angeh\u00e4ngt.<\/p>\n\n\n\n<p>Ein weitere Beitrag zum Thema gibt es \u00fcbrigens hier: <a href=\"https:\/\/www.projekt-kirche.de\/?p=9221\">Hat Jesus Priester eingesetzt und d\u00fcrfen diese nur M\u00e4nner sein?<\/a><\/p>\n","protected":false},"excerpt":{"rendered":"<p>Nachdem es schon seit Monaten und Jahren eine intensive Diskussion, nicht nur in der Kirche, sondern auch in der Gesellschaft zum katholischen Priestertum gibt, nicht zuletzt aufgrund des Missbrauchsskandals in der katholischen Kirche, habe ich mal ein Video erstellt mit dem Titel &#8220;5 Fragen zum katholischen Priestertum (Update)&#8221;:<\/p>\n","protected":false},"author":1,"featured_media":0,"comment_status":"open","ping_status":"open","sticky":false,"template":"","format":"standard","meta":{"jetpack_post_was_ever_published":false,"_jetpack_newsletter_access":"","_jetpack_dont_email_post_to_subs":false,"_jetpack_newsletter_tier_id":0,"_jetpack_memberships_contains_paywalled_content":false,"_jetpack_memberships_contains_paid_content":false,"footnotes":""},"categories":[41,335],"tags":[338,337,336],"class_list":["post-9329","post","type-post","status-publish","format-standard","hentry","category-katholische-kirche","category-priester","tag-5-fragen","tag-katholisch","tag-priester"],"jetpack_featured_media_url":"","jetpack_shortlink":"https:\/\/wp.me\/p4Sdv6-2qt","jetpack_sharing_enabled":true,"_links":{"self":[{"href":"https:\/\/www.projekt-kirche.de\/index.php?rest_route=\/wp\/v2\/posts\/9329","targetHints":{"allow":["GET"]}}],"collection":[{"href":"https:\/\/www.projekt-kirche.de\/index.php?rest_route=\/wp\/v2\/posts"}],"about":[{"href":"https:\/\/www.projekt-kirche.de\/index.php?rest_route=\/wp\/v2\/types\/post"}],"author":[{"embeddable":true,"href":"https:\/\/www.projekt-kirche.de\/index.php?rest_route=\/wp\/v2\/users\/1"}],"replies":[{"embeddable":true,"href":"https:\/\/www.projekt-kirche.de\/index.php?rest_route=%2Fwp%2Fv2%2Fcomments&post=9329"}],"version-history":[{"count":3,"href":"https:\/\/www.projekt-kirche.de\/index.php?rest_route=\/wp\/v2\/posts\/9329\/revisions"}],"predecessor-version":[{"id":9635,"href":"https:\/\/www.projekt-kirche.de\/index.php?rest_route=\/wp\/v2\/posts\/9329\/revisions\/9635"}],"wp:attachment":[{"href":"https:\/\/www.projekt-kirche.de\/index.php?rest_route=%2Fwp%2Fv2%2Fmedia&parent=9329"}],"wp:term":[{"taxonomy":"category","embeddable":true,"href":"https:\/\/www.projekt-kirche.de\/index.php?rest_route=%2Fwp%2Fv2%2Fcategories&post=9329"},{"taxonomy":"post_tag","embeddable":true,"href":"https:\/\/www.projekt-kirche.de\/index.php?rest_route=%2Fwp%2Fv2%2Ftags&post=9329"}],"curies":[{"name":"wp","href":"https:\/\/api.w.org\/{rel}","templated":true}]}}