{"id":9403,"date":"2022-10-09T17:23:22","date_gmt":"2022-10-09T15:23:22","guid":{"rendered":"https:\/\/www.projekt-kirche.de\/?p=9403"},"modified":"2022-10-10T07:14:09","modified_gmt":"2022-10-10T05:14:09","slug":"fehlende-dankbarkeit-oder-fehlender-glaube","status":"publish","type":"post","link":"https:\/\/www.projekt-kirche.de\/?p=9403","title":{"rendered":"Fehlende Dankbarkeit oder fehlender Glaube?"},"content":{"rendered":"<div class=\"shariff\" data-title=\"Fehlende Dankbarkeit oder fehlender Glaube?\" data-info-url=\"http:\/\/ct.de\/-2467514\" data-backend-url=\"https:\/\/www.projekt-kirche.de\/wp-content\/plugins\/shariff-sharing\/backend\/index.php\" data-temp=\"\/tmp\" data-ttl=\"60\" data-service=\"gftr\" data-services='[\"googleplus\",\"facebook\",\"twitter\",\"reddit\",\"info\"]' data-image=\"\" data-url=\"https:\/\/www.projekt-kirche.de\/?p=9403\" data-lang=\"de\" data-theme=\"colored\" data-orientation=\"horizontal\"><\/div>\n<p>Was ist heutzutage f\u00fcr uns Christen das dr\u00e4ngendste Problem: Fehlende Dankbarkeit oder fehlender Glaube?<\/p>\n\n\n\n<p>Ich w\u00fcrde sagen beides, aber was das ewige Seelenheil betrifft wohl vor allem das Letztere.<br \/>Beim heutigen Evangeliumstext geht es genau darum:<\/p>\n\n\n\n<!--more-->\n\n\n\n<blockquote class=\"wp-block-quote is-layout-flow wp-block-quote-is-layout-flow\">\n<p>Es geschah auf dem Weg nach Jerusalem: Jesus zog durch das Grenzgebiet von Samarien und Galil\u00e4a.<\/p>\n\n\n\n<p>Als er in ein Dorf hineingehen wollte, kamen ihm zehn Auss\u00e4tzige entgegen. Sie blieben in der Ferne stehen und riefen: Jesus, Meister, hab Erbarmen mit uns!<\/p>\n\n\n\n<p>Als er sie sah, sagte er zu ihnen: Geht, zeigt euch den Priestern! Und es geschah: W\u00e4hrend sie hingingen, wurden sie rein.<\/p>\n\n\n\n<p>Einer von ihnen aber kehrte um, als er sah, dass er geheilt war; und er lobte Gott mit lauter Stimme. Er warf sich vor den F\u00fc\u00dfen Jesu zu Boden und dankte ihm. Dieser Mann war ein Samariter.<\/p>\n\n\n\n<p>Da sagte Jesus: Sind nicht zehn rein geworden? Wo sind die neun? Ist denn keiner umgekehrt, um Gott zu ehren, au\u00dfer diesem Fremden?<\/p>\n\n\n\n<p>Und er sagte zu ihm: Steh auf und geh! Dein Glaube hat dich gerettet.<\/p>\n<cite><a href=\"https:\/\/www.bibleserver.com\/NLB\/Lukas17%2C11-19\" class=\"bibleserver extern\" target=\"_blank\" rel=\"noopener\">Lukas&nbsp;17,11-19<\/a> (Einheits\u00fcbersetzung)<\/cite><\/blockquote>\n\n\n\n<p>Wie beginnt diese Erz\u00e4hlung? 10 Auss\u00e4tzige, also vermutlich Leprakranke, treffen auf Jesus und flehen ihn an, sie zu heilen. Und hier ging es nicht nur um irgendeine Krankheit, sondern eine Krankheit, die aufgrund der hohen Ansteckungsgefahr aus der Gesellschaft ausschloss. Sie h\u00e4tten f\u00fcr den Rest ihres Lebens isoliert von ihren Freunden und Bekannten leben m\u00fcssen. Und das zus\u00e4tzlich zu der Krankheit, die ihr Leben auch schon so nicht besonders lebenswert machte.<\/p>\n\n\n\n<p>Der Wunsch der 10 Kranken nach k\u00f6rperlicher und sozialer Heilung war nat\u00fcrlich sehr verst\u00e4ndlich. Ihre letzte Hoffnung lag auf Jesus, von dem sie vermutlich schon viel geh\u00f6rt hatten, vor allem \u00fcber seine Wunderheilungen.<\/p>\n\n\n\n<p>Jesus schickte sie nun gleich zu den Priestern. Warum? Weil es damals \u00fcblich war, dass sich von Aussatz geheilte Personen von den Priestern best\u00e4tigen lassen mussten, dass sie geheilt und damit wieder &#8220;gesellschaftsf\u00e4hig&#8221; waren und aus ihrer Isolation gehen durften. D.h. Jesus deutete an, dass er sie heilen werde und sie sich gleich auf den Weg zu den Priestern machen sollten.<\/p>\n\n\n\n<p>Nach der wundersamen Heilung kam jedoch nur einer der zehn Geheilten zur\u00fcck zu Jesus. Und warum? Um sich nochmals wegen der Heilung zu bedanken? Das auch. Aber er hatte erkannt, dass er sich vor allem auch bei Gott bedanken sollte und tat dies auch gleich aus ganzem Herzen wie Lukas auch eindr\u00fccklich erz\u00e4hlte: &#8220;er lobte Gott mit lauter Stimme.&#8221;<\/p>\n\n\n\n<p>Und war das alles? Nein, er warf sich auch noch vor Jesus nieder und dankte ihm. <\/p>\n\n\n\n<p>Ganz offensichtlich geht es also in dieser Erz\u00e4hlung nicht nur um eine Dankbarkeit f\u00fcr das Gute, das einem widerf\u00e4hrt, sondern ganz konkret auch Dankbarkeit gegen\u00fcber Gott. Und diese Dankbarkeit f\u00fchrte diesen Geheilten zu Jesus, vor dem er sich voller Dankbarkeit und Demut niederwarf.<\/p>\n\n\n\n<p>Und ich glaube, dass das der Punkt war weswegen Jesus auch zum Schluss zu dem Geheilten sagte:  &#8220;Steh auf und geh! Dein Glaube hat dich gerettet.&#8221;<\/p>\n\n\n\n<p>Es ging nicht einfach nur um eine k\u00f6rperliche Heilung, sondern vor allem um eine seelisch-geistliche. Nur der eine von den zehn Geheilten kam zu Jesus und wurde damit nicht nur k\u00f6rperlich rein, sondern auch seelisch und damit &#8220;gerettet&#8221;. Gerettet von was? Ganz offensichtlich von der S\u00fcnde, die jeder Mensch hat und uns von Gott trennt. <\/p>\n\n\n\n<p>Es ging Jesus nie nur darum, die Menschen k\u00f6rperlich oder sozial zu heilen, sondern vor allem auch um die seelische, geistliche Heilung bzw. Rettung. Denn nur mit und durch Jesus k\u00f6nnen wir von der Schuld vor Gott befreit werden und einmal das ewige Leben bei Gott erben. Das war dem einen Geheilten vermutlich gar nicht so bewusst, aber der Glaube und seine Dankbarkeit haben ganz offensichtlich bewirkt, dass er das Seelenheil von Jesus noch dazu geschenkt bekommen hat.<\/p>\n\n\n\n<p>Interessant ist jetzt zudem, dass der eine Geheilte noch dazu Samariter war, d.h. eigentlich gar nicht den genau richtigen j\u00fcdischen Glauben hatte, weswegen die Samariter von den orthodoxen Juden verachtet und gemieden wurden. <\/p>\n\n\n\n<p>Aber ganz offensichtlich ist es f\u00fcr das Seelenheil nicht so relevant, welcher &#8220;Konfession&#8221; man angeh\u00f6rt bzw. was der bisherige religi\u00f6se Hintergrund war. Das Entscheidende war und ist das Herz und die Lebendigkeit des Glaubens. Retten wird einem Letztendlich nicht die Zugeh\u00f6rigkeit zur &#8220;richtigen&#8221; Glaubensgemeinschaft &#8211; auch wenn dies nicht unwichtig ist &#8211; sondern ob man Glauben hat und wie man seinen Glauben tats\u00e4chlich lebt.<\/p>\n\n\n\n<p>Denn es geh\u00f6rt auch dazu, dass man sich aufmacht, um Jesus zu begegnen, ihm zu danken f\u00fcr das Heil, das er uns schenkt und dann unser Leben entsprechend zu \u00e4ndern und nicht einfach wie die anderen neun Geheilten das alte Leben weiter zu f\u00fchren und Jesus zu vergessen.<\/p>\n\n\n\n<p>Es ist also beides wichtig. Die Dankbarkeit f\u00fcr alles Gute das uns widerf\u00e4hrt (sogar auch f\u00fcr Schlechtes, weil uns auch darin Gott begleitet und uns Kraft schenkt), aber vor allem auch der Glaube an Gott, an Jesus Christus, der allein uns das Seelenheil schenken kann. <\/p>\n","protected":false},"excerpt":{"rendered":"<p>Was ist heutzutage f\u00fcr uns Christen das dr\u00e4ngendste Problem: Fehlende Dankbarkeit oder fehlender Glaube? Ich w\u00fcrde sagen beides, aber was das ewige Seelenheil betrifft wohl vor allem das Letztere.Beim heutigen Evangeliumstext geht es genau darum:<\/p>\n","protected":false},"author":1,"featured_media":9406,"comment_status":"open","ping_status":"open","sticky":false,"template":"","format":"standard","meta":{"jetpack_post_was_ever_published":false,"_jetpack_newsletter_access":"","_jetpack_dont_email_post_to_subs":false,"_jetpack_newsletter_tier_id":0,"_jetpack_memberships_contains_paywalled_content":false,"_jetpack_memberships_contains_paid_content":false,"footnotes":""},"categories":[3,26,31,60],"tags":[],"class_list":["post-9403","post","type-post","status-publish","format-standard","has-post-thumbnail","hentry","category-christentum","category-glaube","category-heilung","category-nachfolge"],"jetpack_featured_media_url":"https:\/\/i0.wp.com\/www.projekt-kirche.de\/wp-content\/uploads\/2022\/10\/The-Healing-of-Ten-Lepers-James-Tissot.png?fit=1536%2C973&ssl=1","jetpack_shortlink":"https:\/\/wp.me\/p4Sdv6-2rF","jetpack_sharing_enabled":true,"_links":{"self":[{"href":"https:\/\/www.projekt-kirche.de\/index.php?rest_route=\/wp\/v2\/posts\/9403","targetHints":{"allow":["GET"]}}],"collection":[{"href":"https:\/\/www.projekt-kirche.de\/index.php?rest_route=\/wp\/v2\/posts"}],"about":[{"href":"https:\/\/www.projekt-kirche.de\/index.php?rest_route=\/wp\/v2\/types\/post"}],"author":[{"embeddable":true,"href":"https:\/\/www.projekt-kirche.de\/index.php?rest_route=\/wp\/v2\/users\/1"}],"replies":[{"embeddable":true,"href":"https:\/\/www.projekt-kirche.de\/index.php?rest_route=%2Fwp%2Fv2%2Fcomments&post=9403"}],"version-history":[{"count":9,"href":"https:\/\/www.projekt-kirche.de\/index.php?rest_route=\/wp\/v2\/posts\/9403\/revisions"}],"predecessor-version":[{"id":9418,"href":"https:\/\/www.projekt-kirche.de\/index.php?rest_route=\/wp\/v2\/posts\/9403\/revisions\/9418"}],"wp:featuredmedia":[{"embeddable":true,"href":"https:\/\/www.projekt-kirche.de\/index.php?rest_route=\/wp\/v2\/media\/9406"}],"wp:attachment":[{"href":"https:\/\/www.projekt-kirche.de\/index.php?rest_route=%2Fwp%2Fv2%2Fmedia&parent=9403"}],"wp:term":[{"taxonomy":"category","embeddable":true,"href":"https:\/\/www.projekt-kirche.de\/index.php?rest_route=%2Fwp%2Fv2%2Fcategories&post=9403"},{"taxonomy":"post_tag","embeddable":true,"href":"https:\/\/www.projekt-kirche.de\/index.php?rest_route=%2Fwp%2Fv2%2Ftags&post=9403"}],"curies":[{"name":"wp","href":"https:\/\/api.w.org\/{rel}","templated":true}]}}