{"id":9522,"date":"2023-01-26T07:21:58","date_gmt":"2023-01-26T06:21:58","guid":{"rendered":"https:\/\/www.projekt-kirche.de\/?p=9522"},"modified":"2023-01-26T07:22:58","modified_gmt":"2023-01-26T06:22:58","slug":"ueber-die-evangelisation-2","status":"publish","type":"post","link":"https:\/\/www.projekt-kirche.de\/?p=9522","title":{"rendered":"\u00dcber die Evangelisation"},"content":{"rendered":"<div class=\"shariff\" data-title=\"\u00dcber die Evangelisation\" data-info-url=\"http:\/\/ct.de\/-2467514\" data-backend-url=\"https:\/\/www.projekt-kirche.de\/wp-content\/plugins\/shariff-sharing\/backend\/index.php\" data-temp=\"\/tmp\" data-ttl=\"60\" data-service=\"gftr\" data-services='[\"googleplus\",\"facebook\",\"twitter\",\"reddit\",\"info\"]' data-image=\"\" data-url=\"https:\/\/www.projekt-kirche.de\/?p=9522\" data-lang=\"de\" data-theme=\"colored\" data-orientation=\"horizontal\"><\/div>\n<p>Auch heute bzw. besonders heute ist die Evangelisierung wichtig und zwar nicht nur durch Bisch\u00f6fe, Priester und Ordensleute, sondern auch durch die sogenannten Laien, also dem allgemeinen Volk Gottes. <\/p>\n\n\n\n<p>Paul VI. (1897-1978), Papst von 1963-1978, schreibt dazu:<\/p>\n\n\n\n<!--more-->\n\n\n\n<blockquote class=\"wp-block-quote is-layout-flow wp-block-quote-is-layout-flow\">\n<p>Die Laien, die ihrer besonderen Berufung gem\u00e4\u00df ihren Platz mitten in der Welt haben und die verschiedensten zeitlichen Aufgaben erf\u00fcllen, m\u00fcssen darin eine besondere Form der Evangelisierung vollziehen. Ihre erste und unmittelbare Aufgabe ist nicht der Aufbau und die Entwicklung der kirchlichen Gemeinschaft \u2013 hier liegt die besondere Aufgabe der Hirten \u2013, sondern sie sollen alle christlichen, vom Evangelium her gegebenen M\u00f6glichkeiten, die zwar verborgen, aber dennoch in den Dingen der Welt schon vorhanden sind und aktiv sich auswirken, verwirklichen. Das eigentliche Feld ihrer evangelisierenden T\u00e4tigkeit ist die weite und schwierige Welt der Politik, des Sozialen und der Wirtschaft, aber auch der Kultur, der Wissenschaften und K\u00fcnste, des internationalen Lebens und der Massenmedien, ebenso gewisse Wirklichkeiten, die der Evangelisierung offenstehen, wie Liebe, Familie, Kinder- und Jugenderziehung, Berufsarbeit, Leiden usw.<\/p>\n\n\n\n<p>Je mehr vom Evangelium gepr\u00e4gte Laien da sind, die sich f\u00fcr diese Wirklichkeiten verantwortlich wissen und \u00fcberzeugend in ihnen sich bet\u00e4tigen, sie mit Fachkenntnis voranbringen und sich bewusst bleiben, dass sie ihre gesamte christliche Substanz, die oft versch\u00fcttet und erstickt erscheint, einsetzen m\u00fcssen, umso mehr werden diese Wirklichkeiten, ohne etwas von ihrer menschlichen Tragweite zu verlieren oder zu opfern, geradezu eine oft verkannte transzendente Dimension offenbaren, in den Dienst der Erbauung des Reiches Gottes treten und damit in den Dienst des Heiles in Jesus Christus.<\/p>\n<cite>Apostolisches Schreiben \u201eEvangelii nuntiandi\u201c \u00fcber die Evangelisierung in der Welt von heute (8. Dezember 1975), 70 (\u00a9&nbsp;Dicastero per la Comunicazione, Libreria Editrice Vaticana), zitiert aus <a href=\"http:\/\/www.evangelizo.org\">Evangelium Tag f\u00fcr Tag<\/a> <\/cite><\/blockquote>\n","protected":false},"excerpt":{"rendered":"<p>Auch heute bzw. besonders heute ist die Evangelisierung wichtig und zwar nicht nur durch Bisch\u00f6fe, Priester und Ordensleute, sondern auch durch die sogenannten Laien, also dem allgemeinen Volk Gottes. Paul VI. (1897-1978), Papst von 1963-1978, schreibt dazu:<\/p>\n","protected":false},"author":1,"featured_media":9525,"comment_status":"open","ping_status":"open","sticky":false,"template":"","format":"standard","meta":{"jetpack_post_was_ever_published":false,"_jetpack_newsletter_access":"","_jetpack_dont_email_post_to_subs":false,"_jetpack_newsletter_tier_id":0,"_jetpack_memberships_contains_paywalled_content":false,"_jetpack_memberships_contains_paid_content":false,"footnotes":""},"categories":[3,14,57],"tags":[342,343],"class_list":["post-9522","post","type-post","status-publish","format-standard","has-post-thumbnail","hentry","category-christentum","category-evangelisation","category-mission","tag-evangelisation","tag-mission"],"jetpack_featured_media_url":"https:\/\/i0.wp.com\/www.projekt-kirche.de\/wp-content\/uploads\/2023\/01\/Pope_Paul_VI_portrait.jpg?fit=1120%2C1452&ssl=1","jetpack_shortlink":"https:\/\/wp.me\/p4Sdv6-2tA","jetpack_sharing_enabled":true,"_links":{"self":[{"href":"https:\/\/www.projekt-kirche.de\/index.php?rest_route=\/wp\/v2\/posts\/9522","targetHints":{"allow":["GET"]}}],"collection":[{"href":"https:\/\/www.projekt-kirche.de\/index.php?rest_route=\/wp\/v2\/posts"}],"about":[{"href":"https:\/\/www.projekt-kirche.de\/index.php?rest_route=\/wp\/v2\/types\/post"}],"author":[{"embeddable":true,"href":"https:\/\/www.projekt-kirche.de\/index.php?rest_route=\/wp\/v2\/users\/1"}],"replies":[{"embeddable":true,"href":"https:\/\/www.projekt-kirche.de\/index.php?rest_route=%2Fwp%2Fv2%2Fcomments&post=9522"}],"version-history":[{"count":4,"href":"https:\/\/www.projekt-kirche.de\/index.php?rest_route=\/wp\/v2\/posts\/9522\/revisions"}],"predecessor-version":[{"id":9527,"href":"https:\/\/www.projekt-kirche.de\/index.php?rest_route=\/wp\/v2\/posts\/9522\/revisions\/9527"}],"wp:featuredmedia":[{"embeddable":true,"href":"https:\/\/www.projekt-kirche.de\/index.php?rest_route=\/wp\/v2\/media\/9525"}],"wp:attachment":[{"href":"https:\/\/www.projekt-kirche.de\/index.php?rest_route=%2Fwp%2Fv2%2Fmedia&parent=9522"}],"wp:term":[{"taxonomy":"category","embeddable":true,"href":"https:\/\/www.projekt-kirche.de\/index.php?rest_route=%2Fwp%2Fv2%2Fcategories&post=9522"},{"taxonomy":"post_tag","embeddable":true,"href":"https:\/\/www.projekt-kirche.de\/index.php?rest_route=%2Fwp%2Fv2%2Ftags&post=9522"}],"curies":[{"name":"wp","href":"https:\/\/api.w.org\/{rel}","templated":true}]}}