{"id":9536,"date":"2023-01-28T11:15:48","date_gmt":"2023-01-28T10:15:48","guid":{"rendered":"https:\/\/www.projekt-kirche.de\/?p=9536"},"modified":"2023-01-28T11:16:14","modified_gmt":"2023-01-28T10:16:14","slug":"hab-keine-angst-und-halte-durch-im-glauben","status":"publish","type":"post","link":"https:\/\/www.projekt-kirche.de\/?p=9536","title":{"rendered":"Hab&#8217; keine Angst und halte durch im Glauben!"},"content":{"rendered":"<div class=\"shariff\" data-title=\"Hab&#8217; keine Angst und halte durch im Glauben!\" data-info-url=\"http:\/\/ct.de\/-2467514\" data-backend-url=\"https:\/\/www.projekt-kirche.de\/wp-content\/plugins\/shariff-sharing\/backend\/index.php\" data-temp=\"\/tmp\" data-ttl=\"60\" data-service=\"gftr\" data-services='[\"googleplus\",\"facebook\",\"twitter\",\"reddit\",\"info\"]' data-image=\"\" data-url=\"https:\/\/www.projekt-kirche.de\/?p=9536\" data-lang=\"de\" data-theme=\"colored\" data-orientation=\"horizontal\"><\/div>\n<p>Das Leben ist nicht immer einfach. Auch als Christ nicht. Bei gro\u00dfen Herausforderungen stehen wir in Gefahr aufzugeben und den Glauben zu verlieren. <\/p>\n\n\n\n<p>Hier k\u00f6nnen wir von Katharina von Siena (1347-1380), Dominikanertertiarin und Kirchenlehrerin, lernen:<\/p>\n\n\n\n<!--more-->\n\n\n\n<blockquote class=\"wp-block-quote is-layout-flow wp-block-quote-is-layout-flow\">\n<p>Wir m\u00fcssen uns selbst ent\u00e4u\u00dfern, uns mit dem gekreuzigten Jesus bekleiden, in das Boot des heiligen Glaubens steigen und furchtlos auf dem st\u00fcrmischen Meer der Welt segeln. Denn wer in diesem Boot sitzt, darf keine sklavische Furcht haben; sein Boot ist ja mit allem ausgestattet, was die Seele nur begehren kann. Wenn die Gegenwinde uns angreifen und uns daran hindern, unsere W\u00fcnsche auf der Stelle zu erf\u00fcllen, sollten wir uns deswegen nicht beunruhigen, sondern lebendigen Glauben haben. Denn wir haben genug, wovon wir uns ern\u00e4hren k\u00f6nnen, und das Boot ist so stark, dass die auch die schrecklichsten St\u00fcrme, wenn sie es auf die Klippen treiben, es niemals zerschmettern k\u00f6nnen.<\/p>\n\n\n\n<p>Es ist wahr, dass das Boot h\u00e4ufig von den Wellen des Meeres bedeckt sein wird, aber nicht, damit wir den Mut verlieren, sondern damit wir uns selbst besser kennenlernen und deutlicher die Ruhe vom Sturm unterscheiden k\u00f6nnen. In Zeiten der Ruhe d\u00fcrfen wir uns nicht in allzu gro\u00dfer Sicherheit wiegen, sondern m\u00fcssen mit heiliger Furcht zu dem\u00fctigen und best\u00e4ndigen Gebeten Zuflucht nehmen und mit brennendem Verlangen die Ehre Gottes und das Heil der Seelen in diesem Boot des Kreuzes suchen. Damit wir darin nicht nachl\u00e4ssig werden, erlaubt Gott den D\u00e4monen, dem Fleisch und der Welt, uns zu verfolgen und uns mit ihren tosenden Fluten zu bedecken.<\/p>\n\n\n\n<p>Wenn die Seele, die sich in diesem Boot befindet, nicht irgendwo am Rand stehenbleibt, sondern sich in die Mitte des Bootes begibt, das hei\u00dft in den Abgrund der gl\u00fchenden Liebe des gekreuzigten Jesus, wird sie keinen Schaden erleiden, sondern im Gegenteil: Sie wird st\u00e4rker werden, immer tapferer die Schmerzen, Anstrengungen und ungerechten Vorw\u00fcrfe der Welt ertragen, weil sie die Hilfe der g\u00f6ttlichen Vorsehung erfahren und gesp\u00fcrt hat. Legt also die Eigenliebe ab und bekleidet euch mit der Lehre des gekreuzigten Jesus! Ich beschw\u00f6re euch: Ich will, dass ihr in das Boot des heiligsten Kreuzes einsteigt und im Licht eines lebendigen Glaubens dieses st\u00fcrmische Meer \u00fcberquert.<\/p>\n<cite>Brief 140 an Fr. R. de Capoue, 94 (T\u00e9qui 1976, tome 1, p. 879\u2013880; ins Dt. \u00fcbers. \u00a9&nbsp;<a href=\"http:\/\/www.evangelizo.org\">Evangelizo<\/a>)<\/cite><\/blockquote>\n","protected":false},"excerpt":{"rendered":"<p>Das Leben ist nicht immer einfach. Auch als Christ nicht. Bei gro\u00dfen Herausforderungen stehen wir in Gefahr aufzugeben und den Glauben zu verlieren. Hier k\u00f6nnen wir von Katharina von Siena (1347-1380), Dominikanertertiarin und Kirchenlehrerin, lernen:<\/p>\n","protected":false},"author":1,"featured_media":9539,"comment_status":"open","ping_status":"open","sticky":false,"template":"","format":"standard","meta":{"jetpack_post_was_ever_published":false,"_jetpack_newsletter_access":"","_jetpack_dont_email_post_to_subs":false,"_jetpack_newsletter_tier_id":0,"_jetpack_memberships_contains_paywalled_content":false,"_jetpack_memberships_contains_paid_content":false,"footnotes":""},"categories":[3,11,26,32],"tags":[],"class_list":["post-9536","post","type-post","status-publish","format-standard","has-post-thumbnail","hentry","category-christentum","category-ermutigung-christentum","category-glaube","category-herausforderungen"],"jetpack_featured_media_url":"https:\/\/i0.wp.com\/www.projekt-kirche.de\/wp-content\/uploads\/2023\/01\/Lumii_20230128_111450208.jpg?fit=445%2C479&ssl=1","jetpack_shortlink":"https:\/\/wp.me\/p4Sdv6-2tO","jetpack_sharing_enabled":true,"_links":{"self":[{"href":"https:\/\/www.projekt-kirche.de\/index.php?rest_route=\/wp\/v2\/posts\/9536","targetHints":{"allow":["GET"]}}],"collection":[{"href":"https:\/\/www.projekt-kirche.de\/index.php?rest_route=\/wp\/v2\/posts"}],"about":[{"href":"https:\/\/www.projekt-kirche.de\/index.php?rest_route=\/wp\/v2\/types\/post"}],"author":[{"embeddable":true,"href":"https:\/\/www.projekt-kirche.de\/index.php?rest_route=\/wp\/v2\/users\/1"}],"replies":[{"embeddable":true,"href":"https:\/\/www.projekt-kirche.de\/index.php?rest_route=%2Fwp%2Fv2%2Fcomments&post=9536"}],"version-history":[{"count":3,"href":"https:\/\/www.projekt-kirche.de\/index.php?rest_route=\/wp\/v2\/posts\/9536\/revisions"}],"predecessor-version":[{"id":9540,"href":"https:\/\/www.projekt-kirche.de\/index.php?rest_route=\/wp\/v2\/posts\/9536\/revisions\/9540"}],"wp:featuredmedia":[{"embeddable":true,"href":"https:\/\/www.projekt-kirche.de\/index.php?rest_route=\/wp\/v2\/media\/9539"}],"wp:attachment":[{"href":"https:\/\/www.projekt-kirche.de\/index.php?rest_route=%2Fwp%2Fv2%2Fmedia&parent=9536"}],"wp:term":[{"taxonomy":"category","embeddable":true,"href":"https:\/\/www.projekt-kirche.de\/index.php?rest_route=%2Fwp%2Fv2%2Fcategories&post=9536"},{"taxonomy":"post_tag","embeddable":true,"href":"https:\/\/www.projekt-kirche.de\/index.php?rest_route=%2Fwp%2Fv2%2Ftags&post=9536"}],"curies":[{"name":"wp","href":"https:\/\/api.w.org\/{rel}","templated":true}]}}