{"id":9548,"date":"2023-02-10T07:14:19","date_gmt":"2023-02-10T06:14:19","guid":{"rendered":"https:\/\/www.projekt-kirche.de\/?p=9548"},"modified":"2023-02-10T07:15:57","modified_gmt":"2023-02-10T06:15:57","slug":"die-stimme-gottes-hoeren","status":"publish","type":"post","link":"https:\/\/www.projekt-kirche.de\/?p=9548","title":{"rendered":"Die Stimme Gottes h\u00f6ren"},"content":{"rendered":"<div class=\"shariff\" data-title=\"Die Stimme Gottes h\u00f6ren\" data-info-url=\"http:\/\/ct.de\/-2467514\" data-backend-url=\"https:\/\/www.projekt-kirche.de\/wp-content\/plugins\/shariff-sharing\/backend\/index.php\" data-temp=\"\/tmp\" data-ttl=\"60\" data-service=\"gftr\" data-services='[\"googleplus\",\"facebook\",\"twitter\",\"reddit\",\"info\"]' data-image=\"\" data-url=\"https:\/\/www.projekt-kirche.de\/?p=9548\" data-lang=\"de\" data-theme=\"colored\" data-orientation=\"horizontal\"><\/div>\n<p>W\u00fcnschen wir uns nicht manchmal, Gott pers\u00f6nlich zu begegnen oder wenigstens seine Stimme zu h\u00f6ren?<\/p>\n\n\n\n<p>Zu erfahren warum manche Dinge im Leben sind wie sie sind oder zu wissen, wie man sich in der einen oder anderen Situation verhalten bzw. entscheiden sollte? Oder einfach auch nur, um Gewissheit zu erhalten, dass Gott tats\u00e4chlich existiert? <\/p>\n\n\n\n<p>Wie kann man also Gottes Stimme h\u00f6ren? Und zwar als ganz normaler Mensch, ohne \u00fcbernat\u00fcrliche F\u00e4higkeiten? <\/p>\n\n\n\n<!--more-->\n\n\n\n<p>Der <span class=\"nolink\">am 31.12.2022<\/span> verstorbene Benedikt XVI., Papst von 2005-2013, gab vor einigen Jahren folgende Ratschl\u00e4ge:<\/p>\n\n\n\n<blockquote class=\"wp-block-quote is-layout-flow wp-block-quote-is-layout-flow\">\n<p>Wie k\u00f6nnen wir unter den Tausenden von Stimmen, die wir jeden Tag in unserer Welt h\u00f6ren, die Stimme Gottes erkennen? Ich w\u00fcrde sagen: Gott spricht auf ganz verschiedene Weisen zu uns. Er spricht durch andere Menschen, durch Freunde, durch die Eltern, den Pfarrer, die Priester. [\u2026] Er spricht durch die Ereignisse unseres Lebens, in denen wir eine Geste Gottes erkennen k\u00f6nnen; er spricht auch durch die Natur, die Sch\u00f6pfung, und er spricht nat\u00fcrlich und vor allem in seinem Wort, in der Heiligen Schrift, die in der Gemeinschaft der Kirche und im pers\u00f6nlichen Gespr\u00e4ch mit Gott gelesen wird.<\/p>\n\n\n\n<p>Es ist wichtig, die Heilige Schrift einerseits in sehr pers\u00f6nlicher Weise zu lesen und, wie der hl. Paulus sagt, nicht wie das Wort irgendeines Menschen oder wie ein Dokument aus der Vergangenheit, etwa so wie wir Homer oder Vergil lesen, sondern eben als Wort Gottes, das immer aktuell ist und zu mir spricht. Wir m\u00fcssen lernen, in einem historisch aus der Vergangenheit stammenden Text das lebendige Wort Gottes zu vernehmen, das hei\u00dft wir sollen eintreten in das Gebet und so die Lekt\u00fcre der Heiligen Schrift zu einem Gespr\u00e4ch mit Gott machen. Der hl. Augustinus sagt in seinen Homilien oft: Ich habe mehrmals an die T\u00fcr dieses Wortes geklopft, bis ich h\u00f6ren konnte, was Gott selbst zu mir sagte. Auf der einen Seite steht diese sehr pers\u00f6nliche Lekt\u00fcre, dieses pers\u00f6nliche Gespr\u00e4ch mit Gott, in dem ich danach suche, was der Herr mir sagt. Von gro\u00dfer Bedeutung ist, zusammen mit dieser pers\u00f6nlichen Lekt\u00fcre, die gemeinschaftliche Schriftlesung, weil das lebendige Subjekt der Heiligen Schrift das Volk Gottes, die Kirche, ist.<\/p>\n<cite>Begegnung mit den Seminaristen im r\u00f6mischen Priesterseminar, 17. Februar 2007 (\u00a9&nbsp;Libreria Editrice Vaticana), zitiert aus <a href=\"http:\/\/www.evangelizo.org\">Evangelium Tag f\u00fcr Tag<\/a> <\/cite><\/blockquote>\n","protected":false},"excerpt":{"rendered":"<p>W\u00fcnschen wir uns nicht manchmal, Gott pers\u00f6nlich zu begegnen oder wenigstens seine Stimme zu h\u00f6ren? Zu erfahren warum manche Dinge im Leben sind wie sie sind oder zu wissen, wie man sich in der einen oder anderen Situation verhalten bzw. entscheiden sollte? Oder einfach auch nur, um Gewissheit zu erhalten, dass Gott tats\u00e4chlich existiert? Wie [&hellip;]<\/p>\n","protected":false},"author":1,"featured_media":9551,"comment_status":"open","ping_status":"open","sticky":false,"template":"","format":"standard","meta":{"jetpack_post_was_ever_published":false,"_jetpack_newsletter_access":"","_jetpack_dont_email_post_to_subs":false,"_jetpack_newsletter_tier_id":0,"_jetpack_memberships_contains_paywalled_content":false,"_jetpack_memberships_contains_paid_content":false,"footnotes":""},"categories":[103,29,44,60],"tags":[],"class_list":["post-9548","post","type-post","status-publish","format-standard","has-post-thumbnail","hentry","category-bibel","category-gott","category-kirche","category-nachfolge"],"jetpack_featured_media_url":"https:\/\/i0.wp.com\/www.projekt-kirche.de\/wp-content\/uploads\/2023\/02\/Castel-Gandolfo-Papst.jpg?fit=450%2C242&ssl=1","jetpack_shortlink":"https:\/\/wp.me\/p4Sdv6-2u0","jetpack_sharing_enabled":true,"_links":{"self":[{"href":"https:\/\/www.projekt-kirche.de\/index.php?rest_route=\/wp\/v2\/posts\/9548","targetHints":{"allow":["GET"]}}],"collection":[{"href":"https:\/\/www.projekt-kirche.de\/index.php?rest_route=\/wp\/v2\/posts"}],"about":[{"href":"https:\/\/www.projekt-kirche.de\/index.php?rest_route=\/wp\/v2\/types\/post"}],"author":[{"embeddable":true,"href":"https:\/\/www.projekt-kirche.de\/index.php?rest_route=\/wp\/v2\/users\/1"}],"replies":[{"embeddable":true,"href":"https:\/\/www.projekt-kirche.de\/index.php?rest_route=%2Fwp%2Fv2%2Fcomments&post=9548"}],"version-history":[{"count":4,"href":"https:\/\/www.projekt-kirche.de\/index.php?rest_route=\/wp\/v2\/posts\/9548\/revisions"}],"predecessor-version":[{"id":9553,"href":"https:\/\/www.projekt-kirche.de\/index.php?rest_route=\/wp\/v2\/posts\/9548\/revisions\/9553"}],"wp:featuredmedia":[{"embeddable":true,"href":"https:\/\/www.projekt-kirche.de\/index.php?rest_route=\/wp\/v2\/media\/9551"}],"wp:attachment":[{"href":"https:\/\/www.projekt-kirche.de\/index.php?rest_route=%2Fwp%2Fv2%2Fmedia&parent=9548"}],"wp:term":[{"taxonomy":"category","embeddable":true,"href":"https:\/\/www.projekt-kirche.de\/index.php?rest_route=%2Fwp%2Fv2%2Fcategories&post=9548"},{"taxonomy":"post_tag","embeddable":true,"href":"https:\/\/www.projekt-kirche.de\/index.php?rest_route=%2Fwp%2Fv2%2Ftags&post=9548"}],"curies":[{"name":"wp","href":"https:\/\/api.w.org\/{rel}","templated":true}]}}