{"id":9559,"date":"2023-02-17T06:38:50","date_gmt":"2023-02-17T05:38:50","guid":{"rendered":"https:\/\/www.projekt-kirche.de\/?p=9559"},"modified":"2023-02-17T06:43:42","modified_gmt":"2023-02-17T05:43:42","slug":"ueber-das-leiden-fuer-und-mit-jesus","status":"publish","type":"post","link":"https:\/\/www.projekt-kirche.de\/?p=9559","title":{"rendered":"\u00dcber das Leiden f\u00fcr und mit Jesus"},"content":{"rendered":"<div class=\"shariff\" data-title=\"\u00dcber das Leiden f\u00fcr und mit Jesus\" data-info-url=\"http:\/\/ct.de\/-2467514\" data-backend-url=\"https:\/\/www.projekt-kirche.de\/wp-content\/plugins\/shariff-sharing\/backend\/index.php\" data-temp=\"\/tmp\" data-ttl=\"60\" data-service=\"gftr\" data-services='[\"googleplus\",\"facebook\",\"twitter\",\"reddit\",\"info\"]' data-image=\"\" data-url=\"https:\/\/www.projekt-kirche.de\/?p=9559\" data-lang=\"de\" data-theme=\"colored\" data-orientation=\"horizontal\"><\/div>\n<p>Leiden tun wir alle nicht gern. Im christlichen Glauben kann jedoch das Leiden mit Jesus verbunden werden, um geistliche Frucht zu bringen. Letztlich ist es eine Frage der Liebe, des Glaubens und der Hoffnung. <\/p>\n\n\n\n<p><a href=\"https:\/\/de.wikipedia.org\/wiki\/Charles_de_Foucauld?wprov=sfla1\">Charles de Foucauld<\/a> (1858-1916), Eremit und Missionar in der Sahara, schreibt dazu:<\/p>\n\n\n\n<!--more-->\n\n\n\n<blockquote class=\"wp-block-quote is-layout-flow wp-block-quote-is-layout-flow\">\n<p>Bem\u00fchen wir uns einzig darum, eins zu sein mit Jesus, sein Leben in unserem Leben nachzubilden, seine Botschaft von den D\u00e4chern zu rufen durch unsere Gedanken, Worte und Werke, ihn in uns regieren und leben zu lassen! Er tritt so oft in der Heiligen Eucharistie in uns ein! M\u00f6ge er sein K\u00f6nigreich in uns aufrichten! \u2026<\/p>\n\n\n\n<p>Wenn er uns Freuden schenkt, nehmen wir sie dankbar an; der gute Hirte gibt uns diese s\u00fc\u00dfen Kr\u00e4uter, um uns zu st\u00e4rken und uns f\u00e4hig zu machen, ihm sp\u00e4ter auch auf den kargen Wegen zu folgen \u2026 Wenn er uns Kreuze schickt, k\u00fcssen wir sie: \u201eBona Crux!\u201c Dies ist die h\u00f6chste aller Gnaden, es bedeutet, mehr denn je Hand in Hand mit Jesus zu gehen, ihn zu entlasten, indem wir sein Kreuz tragen wie Simon von Zyrene; unser Geliebter ist es, der uns einl\u00e4dt, ihm unsere Liebe zu bekennen und zu beweisen \u2026 Seelische Leiden, k\u00f6rperliche Schmerzen, \u201efreut euch und jauchzt\u201c (<a href=\"https:\/\/www.bibleserver.com\/NLB\/Lukas6%2C23\" class=\"bibleserver extern\" target=\"_blank\" rel=\"noopener\">Lk 6,23<\/a>): Jesus ruft uns auf, ihm zu sagen, dass wir ihn lieben und es ihm solange zu wiederholen, wie unser Leiden andauert \u2026 Jedes Kreuz, ob gro\u00df oder klein, und sogar jeder \u00c4rger ist ein Ruf des Geliebten; er begehrt von uns eine Liebeserkl\u00e4rung und zwar eine, die so lange w\u00e4hrt, wie das Kreuz andauert \u2026 [\u2026]<\/p>\n\n\n\n<p>Dein Wille geschehe, Jesus, mein Bruder, und nicht der unsere \u2026 Wir aber wollen nicht mehr an uns selbst denken, so, als wenn wir nicht mehr existierten: Wir denken nur noch an dich, unseren geliebten Br\u00e4utigam. Wir verlangen nichts f\u00fcr uns, wir verlangen nur nach deiner Ehre: \u201eGeheiligt werde dein Name, dein Reich komme, dein Wille geschehe\u201c in allen deinen Kindern, in allen Menschen; er geschehe in uns; damit wir dich so viel wie m\u00f6glich verherrlichen in unserem Leben \u2026, damit wir deinen Willen tun \u2026, damit wir so gut wir k\u00f6nnen dein Herz tr\u00f6sten \u2026 Das ist alles, was wir wollen, das ist alles, was wir brauchen \u2026<\/p>\n<cite>Einige Briefe (\u00c9crits spirituels de Charles de Foucauld, \u00c9d. J. de Gigord 1964, p. 178\u2013179; ins Dt. \u00fcbers. \u00a9&nbsp;<a href=\"http:\/\/www.evangelizo.org\">Evangelizo<\/a>)<\/cite><\/blockquote>\n","protected":false},"excerpt":{"rendered":"<p>Leiden tun wir alle nicht gern. Im christlichen Glauben kann jedoch das Leiden mit Jesus verbunden werden, um geistliche Frucht zu bringen. Letztlich ist es eine Frage der Liebe, des Glaubens und der Hoffnung. Charles de Foucauld (1858-1916), Eremit und Missionar in der Sahara, schreibt dazu:<\/p>\n","protected":false},"author":1,"featured_media":9561,"comment_status":"open","ping_status":"open","sticky":false,"template":"","format":"standard","meta":{"jetpack_post_was_ever_published":false,"_jetpack_newsletter_access":"","_jetpack_dont_email_post_to_subs":false,"_jetpack_newsletter_tier_id":0,"_jetpack_memberships_contains_paywalled_content":false,"_jetpack_memberships_contains_paid_content":false,"footnotes":""},"categories":[51,53,60],"tags":[209],"class_list":["post-9559","post","type-post","status-publish","format-standard","has-post-thumbnail","hentry","category-leid","category-liebe","category-nachfolge","tag-leid-schmerz"],"jetpack_featured_media_url":"https:\/\/i0.wp.com\/www.projekt-kirche.de\/wp-content\/uploads\/2023\/02\/Charles-de-Foucauld.jpg?fit=200%2C268&ssl=1","jetpack_shortlink":"https:\/\/wp.me\/p4Sdv6-2ub","jetpack_sharing_enabled":true,"_links":{"self":[{"href":"https:\/\/www.projekt-kirche.de\/index.php?rest_route=\/wp\/v2\/posts\/9559","targetHints":{"allow":["GET"]}}],"collection":[{"href":"https:\/\/www.projekt-kirche.de\/index.php?rest_route=\/wp\/v2\/posts"}],"about":[{"href":"https:\/\/www.projekt-kirche.de\/index.php?rest_route=\/wp\/v2\/types\/post"}],"author":[{"embeddable":true,"href":"https:\/\/www.projekt-kirche.de\/index.php?rest_route=\/wp\/v2\/users\/1"}],"replies":[{"embeddable":true,"href":"https:\/\/www.projekt-kirche.de\/index.php?rest_route=%2Fwp%2Fv2%2Fcomments&post=9559"}],"version-history":[{"count":4,"href":"https:\/\/www.projekt-kirche.de\/index.php?rest_route=\/wp\/v2\/posts\/9559\/revisions"}],"predecessor-version":[{"id":9564,"href":"https:\/\/www.projekt-kirche.de\/index.php?rest_route=\/wp\/v2\/posts\/9559\/revisions\/9564"}],"wp:featuredmedia":[{"embeddable":true,"href":"https:\/\/www.projekt-kirche.de\/index.php?rest_route=\/wp\/v2\/media\/9561"}],"wp:attachment":[{"href":"https:\/\/www.projekt-kirche.de\/index.php?rest_route=%2Fwp%2Fv2%2Fmedia&parent=9559"}],"wp:term":[{"taxonomy":"category","embeddable":true,"href":"https:\/\/www.projekt-kirche.de\/index.php?rest_route=%2Fwp%2Fv2%2Fcategories&post=9559"},{"taxonomy":"post_tag","embeddable":true,"href":"https:\/\/www.projekt-kirche.de\/index.php?rest_route=%2Fwp%2Fv2%2Ftags&post=9559"}],"curies":[{"name":"wp","href":"https:\/\/api.w.org\/{rel}","templated":true}]}}