{"id":9576,"date":"2023-02-23T07:04:18","date_gmt":"2023-02-23T06:04:18","guid":{"rendered":"https:\/\/www.projekt-kirche.de\/?p=9576"},"modified":"2023-02-23T07:08:53","modified_gmt":"2023-02-23T06:08:53","slug":"wachse-im-glauben-durch-die-widrigkeiten-des-lebens","status":"publish","type":"post","link":"https:\/\/www.projekt-kirche.de\/?p=9576","title":{"rendered":"Wachse im Glauben durch die Widrigkeiten des Lebens!"},"content":{"rendered":"<div class=\"shariff\" data-title=\"Wachse im Glauben durch die Widrigkeiten des Lebens!\" data-info-url=\"http:\/\/ct.de\/-2467514\" data-backend-url=\"https:\/\/www.projekt-kirche.de\/wp-content\/plugins\/shariff-sharing\/backend\/index.php\" data-temp=\"\/tmp\" data-ttl=\"60\" data-service=\"gftr\" data-services='[\"googleplus\",\"facebook\",\"twitter\",\"reddit\",\"info\"]' data-image=\"\" data-url=\"https:\/\/www.projekt-kirche.de\/?p=9576\" data-lang=\"de\" data-theme=\"colored\" data-orientation=\"horizontal\"><\/div>\n<p>Niemand wird im Leben von irgendwelchen Widrigkeiten verschont. Fr\u00fcher oder sp\u00e4ter trifft es jeden. Wie sollte man als Christ damit umgehen? <\/p>\n\n\n\n<p>Mutter Teresa von Kalkutta (1910-1997), Gr\u00fcnderin der Missionarinnen der N\u00e4chstenliebe, meint, dass wir es als Chance sehen sollen, im Glauben zu wachsen und Jesus \u00e4hnlicher zu werden:<\/p>\n\n\n\n<!--more-->\n\n\n\n<blockquote class=\"wp-block-quote is-layout-flow wp-block-quote-is-layout-flow\">\n<p>Herr, dein Tod am Kreuz und deine Auferstehung m\u00f6gen uns lehren, den Angriffen des t\u00e4glichen Lebens die Stirn zu bieten und die Angst vor dem Tod zu \u00fcberwinden, damit wir in einer gr\u00f6\u00dferen und kreativeren F\u00fclle leben. Dem\u00fctig und geduldig hast du die Nackenschl\u00e4ge des menschlichen Lebens wie auch die Qualen deiner Kreuzigung hingenommen. Hilf uns, die N\u00f6te und K\u00e4mpfe, die jeder Tag uns bringt, wahrzunehmen als Chancen, zu wachsen und dir gleichf\u00f6rmiger zu werden. Mach uns f\u00e4hig, ihnen geduldig und mutig zu begegnen, voll Vertrauen auf deinen Beistand. Lass uns begreifen, dass wir zur F\u00fclle des Lebens nur gelangen, wenn wir unabl\u00e4ssig uns selbst und unseren egoistischen W\u00fcnschen sterben. Denn nur wenn wir mit dir sterben, k\u00f6nnen wir mit dir auferstehen.<\/p>\n<cite>Etwas Sch\u00f6nes f\u00fcr Gott (Something Beautiful for God, trad. La Joie du don, p.69, rev.; ins Dt. \u00fcbers. \u00a9&nbsp;<a href=\"http:\/\/www.evangelizo.org\">Evangelizo<\/a>)<\/cite><\/blockquote>\n","protected":false},"excerpt":{"rendered":"<p>Niemand wird im Leben von irgendwelchen Widrigkeiten verschont. Fr\u00fcher oder sp\u00e4ter trifft es jeden. Wie sollte man als Christ damit umgehen? Mutter Teresa von Kalkutta (1910-1997), Gr\u00fcnderin der Missionarinnen der N\u00e4chstenliebe, meint, dass wir es als Chance sehen sollen, im Glauben zu wachsen und Jesus \u00e4hnlicher zu werden:<\/p>\n","protected":false},"author":1,"featured_media":9578,"comment_status":"open","ping_status":"open","sticky":false,"template":"","format":"standard","meta":{"jetpack_post_was_ever_published":false,"_jetpack_newsletter_access":"","_jetpack_dont_email_post_to_subs":false,"_jetpack_newsletter_tier_id":0,"_jetpack_memberships_contains_paywalled_content":false,"_jetpack_memberships_contains_paid_content":false,"footnotes":""},"categories":[3,26,32,345,51],"tags":[],"class_list":["post-9576","post","type-post","status-publish","format-standard","has-post-thumbnail","hentry","category-christentum","category-glaube","category-herausforderungen","category-hoffnung","category-leid"],"jetpack_featured_media_url":"https:\/\/i0.wp.com\/www.projekt-kirche.de\/wp-content\/uploads\/2023\/02\/Screenshot_20230223-065925.png?fit=814%2C668&ssl=1","jetpack_shortlink":"https:\/\/wp.me\/p4Sdv6-2us","jetpack_sharing_enabled":true,"_links":{"self":[{"href":"https:\/\/www.projekt-kirche.de\/index.php?rest_route=\/wp\/v2\/posts\/9576","targetHints":{"allow":["GET"]}}],"collection":[{"href":"https:\/\/www.projekt-kirche.de\/index.php?rest_route=\/wp\/v2\/posts"}],"about":[{"href":"https:\/\/www.projekt-kirche.de\/index.php?rest_route=\/wp\/v2\/types\/post"}],"author":[{"embeddable":true,"href":"https:\/\/www.projekt-kirche.de\/index.php?rest_route=\/wp\/v2\/users\/1"}],"replies":[{"embeddable":true,"href":"https:\/\/www.projekt-kirche.de\/index.php?rest_route=%2Fwp%2Fv2%2Fcomments&post=9576"}],"version-history":[{"count":2,"href":"https:\/\/www.projekt-kirche.de\/index.php?rest_route=\/wp\/v2\/posts\/9576\/revisions"}],"predecessor-version":[{"id":9579,"href":"https:\/\/www.projekt-kirche.de\/index.php?rest_route=\/wp\/v2\/posts\/9576\/revisions\/9579"}],"wp:featuredmedia":[{"embeddable":true,"href":"https:\/\/www.projekt-kirche.de\/index.php?rest_route=\/wp\/v2\/media\/9578"}],"wp:attachment":[{"href":"https:\/\/www.projekt-kirche.de\/index.php?rest_route=%2Fwp%2Fv2%2Fmedia&parent=9576"}],"wp:term":[{"taxonomy":"category","embeddable":true,"href":"https:\/\/www.projekt-kirche.de\/index.php?rest_route=%2Fwp%2Fv2%2Fcategories&post=9576"},{"taxonomy":"post_tag","embeddable":true,"href":"https:\/\/www.projekt-kirche.de\/index.php?rest_route=%2Fwp%2Fv2%2Ftags&post=9576"}],"curies":[{"name":"wp","href":"https:\/\/api.w.org\/{rel}","templated":true}]}}