{"id":9641,"date":"2023-03-20T16:45:31","date_gmt":"2023-03-20T15:45:31","guid":{"rendered":"https:\/\/www.projekt-kirche.de\/?p=9641"},"modified":"2023-03-20T16:45:50","modified_gmt":"2023-03-20T15:45:50","slug":"ueber-das-mitleid","status":"publish","type":"post","link":"https:\/\/www.projekt-kirche.de\/?p=9641","title":{"rendered":"\u00dcber das Mitleid"},"content":{"rendered":"<div class=\"shariff\" data-title=\"\u00dcber das Mitleid\" data-info-url=\"http:\/\/ct.de\/-2467514\" data-backend-url=\"https:\/\/www.projekt-kirche.de\/wp-content\/plugins\/shariff-sharing\/backend\/index.php\" data-temp=\"\/tmp\" data-ttl=\"60\" data-service=\"gftr\" data-services='[\"googleplus\",\"facebook\",\"twitter\",\"reddit\",\"info\"]' data-image=\"\" data-url=\"https:\/\/www.projekt-kirche.de\/?p=9641\" data-lang=\"de\" data-theme=\"colored\" data-orientation=\"horizontal\"><\/div>\n<p>Wir kennen das alle. Wenn wir verletzt, wenn wir ungerecht behandelt oder gar verleumdet werden, dann schreien unsere Gef\u00fchle nach Gerechtigkeit, manchmal sogar nach Vergeltung!<\/p>\n\n\n\n<p>Wie sollen wir damit als Christ umgehen? Wie ist das &#8220;richtige&#8221; Verhalten?<\/p>\n\n\n\n<p>Jesus sagt ja an einer Stelle, dass wenn uns jemand auf die Wange schl\u00e4gt, wir auch noch die andere hinhalten sollen (<a href=\"https:\/\/www.bibleserver.com\/NLB\/Matth%C3%A4us5%2C39\" class=\"bibleserver extern\" target=\"_blank\" rel=\"noopener\">Mt 5,39<\/a>). Aber wie meint er das? Sollen wir tats\u00e4chlich jede Ungerechtigkeit einfach so hinnehmen und uns sogar weiter dem\u00fctigen lassen? <\/p>\n\n\n\n<!--more-->\n\n\n\n<p>Ein Priester hatte unl\u00e4ngst diese Frage in seiner Predigt aufgegriffen und eine f\u00fcr mich nachvollziehbare Antwort gegeben. Er meinte es ginge um die Grundeinstellung, nicht unbedingt darum Jesu Rat in jeder Situation eins zu eins umsetzen. D. h. in diesem Fall, grunds\u00e4tzlich lieber vergeben und Nachteile in Kauf nehmen zu wollen als sich zu r\u00e4chen. <\/p>\n\n\n\n<p>Isaak der Syrer\u00a0(7. Jh.), M\u00f6nch in Ninive bei Mossul im heutigen Irak, Heiliger der orthodoxen Kirchen meint dazu, dass Mitleid mit dem T\u00e4ter, eine g\u00f6ttliche Eigenschaft ist, die zur Gerechtigkeit hinzukommen sollte:<\/p>\n\n\n\n<blockquote class=\"wp-block-quote is-layout-flow wp-block-quote-is-layout-flow\">\n<p>Mitgef\u00fchl einerseits und Urteilen nach Recht und Gesetz andererseits sind, wenn sie in ein und derselben Seele leben, wie ein Mensch, der Gott und G\u00f6tzenbilder in demselben Haus anbetet. Mitgef\u00fchl ist das Gegenteil vom Urteilen nach Recht und Gesetz. Das Urteilen nach Recht und Gesetz beinhaltet die gleiche Zuteilung nach vergleichbarem Ma\u00df. Es gibt einem jeden, was er verdient, nicht mehr; es neigt sich weder zur einen noch zur anderen Seite und macht keinen Unterschied in der Vergeltung. Das Mitleid jedoch wird durch die Gnade geweckt, es neigt sich allen Wesen mit gleicher Herzlichkeit zu, es h\u00fctet sich vor purer Vergeltung denen gegen\u00fcber, die der Bestrafung w\u00fcrdig sind, und \u00fcbersch\u00fcttet \u00fcber alle Ma\u00dfen jene, die des Guten w\u00fcrdig sind.<\/p>\n\n\n\n<p>Wenn das Mitleid auf der Seite der Gerechtigkeit steht, steht das kaltherzige Urteilen nach Recht und Gesetz auf der Seite des B\u00f6sen. [\u2026] Wie ein Sandkorn viel weniger wiegt als reines Gold, so wiegt auch das Bed\u00fcrfnis Gottes nach einem gerechten Urteil viel weniger als sein Mitleid. Wie eine Handvoll Sand, die in den gro\u00dfen Ozean f\u00e4llt, so sind die S\u00fcnden allen Fleisches im Vergleich zu Gottes Vorsehung und Erbarmen. So wie eine reichlich flie\u00dfende Quelle nicht durch eine Handvoll Staub verstopft werden kann, so kann auch das Mitleid des Sch\u00f6pfers nicht durch die Bosheit der Gesch\u00f6pfe besiegt werden. Wer beim Beten im Groll verharrt, der ist wie ein Mensch, der ins Meer auss\u00e4t und auf Ernte hofft.<\/p>\n<cite>Geistliche Unterweisungen, 1. Reihe, Nr. 58 (in \u0152uvres spirituelles, coll. Th\u00e9ophanie, DDB 1981, p. 312\u2013313, rev.; ins Dt. \u00fcbers. \u00a9&nbsp;<a href=\"http:\/\/www.evangelizo.org\">Evangelizo<\/a>)<\/cite><\/blockquote>\n","protected":false},"excerpt":{"rendered":"<p>Wir kennen das alle. Wenn wir verletzt, wenn wir ungerecht behandelt oder gar verleumdet werden, dann schreien unsere Gef\u00fchle nach Gerechtigkeit, manchmal sogar nach Vergeltung! Wie sollen wir damit als Christ umgehen? Wie ist das &#8220;richtige&#8221; Verhalten? Jesus sagt ja an einer Stelle, dass wenn uns jemand auf die Wange schl\u00e4gt, wir auch noch die [&hellip;]<\/p>\n","protected":false},"author":1,"featured_media":9653,"comment_status":"open","ping_status":"open","sticky":false,"template":"","format":"standard","meta":{"jetpack_post_was_ever_published":false,"_jetpack_newsletter_access":"","_jetpack_dont_email_post_to_subs":false,"_jetpack_newsletter_tier_id":0,"_jetpack_memberships_contains_paywalled_content":false,"_jetpack_memberships_contains_paid_content":false,"footnotes":""},"categories":[101,3,347,51,346,348],"tags":[],"class_list":["post-9641","post","type-post","status-publish","format-standard","has-post-thumbnail","hentry","category-barmherzigkeit","category-christentum","category-gerechtigkeit","category-leid","category-mitleid","category-vergeltung"],"jetpack_featured_media_url":"https:\/\/i0.wp.com\/www.projekt-kirche.de\/wp-content\/uploads\/2023\/03\/image_editor_output_image-2042076917-1679326761719.jpg?fit=432%2C399&ssl=1","jetpack_shortlink":"https:\/\/wp.me\/p4Sdv6-2vv","jetpack_sharing_enabled":true,"_links":{"self":[{"href":"https:\/\/www.projekt-kirche.de\/index.php?rest_route=\/wp\/v2\/posts\/9641","targetHints":{"allow":["GET"]}}],"collection":[{"href":"https:\/\/www.projekt-kirche.de\/index.php?rest_route=\/wp\/v2\/posts"}],"about":[{"href":"https:\/\/www.projekt-kirche.de\/index.php?rest_route=\/wp\/v2\/types\/post"}],"author":[{"embeddable":true,"href":"https:\/\/www.projekt-kirche.de\/index.php?rest_route=\/wp\/v2\/users\/1"}],"replies":[{"embeddable":true,"href":"https:\/\/www.projekt-kirche.de\/index.php?rest_route=%2Fwp%2Fv2%2Fcomments&post=9641"}],"version-history":[{"count":5,"href":"https:\/\/www.projekt-kirche.de\/index.php?rest_route=\/wp\/v2\/posts\/9641\/revisions"}],"predecessor-version":[{"id":9654,"href":"https:\/\/www.projekt-kirche.de\/index.php?rest_route=\/wp\/v2\/posts\/9641\/revisions\/9654"}],"wp:featuredmedia":[{"embeddable":true,"href":"https:\/\/www.projekt-kirche.de\/index.php?rest_route=\/wp\/v2\/media\/9653"}],"wp:attachment":[{"href":"https:\/\/www.projekt-kirche.de\/index.php?rest_route=%2Fwp%2Fv2%2Fmedia&parent=9641"}],"wp:term":[{"taxonomy":"category","embeddable":true,"href":"https:\/\/www.projekt-kirche.de\/index.php?rest_route=%2Fwp%2Fv2%2Fcategories&post=9641"},{"taxonomy":"post_tag","embeddable":true,"href":"https:\/\/www.projekt-kirche.de\/index.php?rest_route=%2Fwp%2Fv2%2Ftags&post=9641"}],"curies":[{"name":"wp","href":"https:\/\/api.w.org\/{rel}","templated":true}]}}