{"id":9777,"date":"2023-05-26T07:39:55","date_gmt":"2023-05-26T05:39:55","guid":{"rendered":"https:\/\/www.projekt-kirche.de\/?p=9777"},"modified":"2023-05-28T09:35:03","modified_gmt":"2023-05-28T07:35:03","slug":"ueber-die-einheit-der-kirche","status":"publish","type":"post","link":"https:\/\/www.projekt-kirche.de\/?p=9777","title":{"rendered":"\u00dcber die Einheit der Kirche"},"content":{"rendered":"<div class=\"shariff\" data-title=\"\u00dcber die Einheit der Kirche\" data-info-url=\"http:\/\/ct.de\/-2467514\" data-backend-url=\"https:\/\/www.projekt-kirche.de\/wp-content\/plugins\/shariff-sharing\/backend\/index.php\" data-temp=\"\/tmp\" data-ttl=\"60\" data-service=\"gftr\" data-services='[\"googleplus\",\"facebook\",\"twitter\",\"reddit\",\"info\"]' data-image=\"\" data-url=\"https:\/\/www.projekt-kirche.de\/?p=9777\" data-lang=\"de\" data-theme=\"colored\" data-orientation=\"horizontal\"><\/div>\n<p>Eines der Themen, das mich seit meiner Zeit in einer Freikirche sehr besch\u00e4ftigt hat und auch das Hauptanliegen des &#8220;Projekt Kirche&#8221; ist, ist die Einheit der Kirche.<\/p>\n\n\n\n<p>Leider ist die Kirche ja durch die verschiedenen Konfessionen gespalten, auch wenn die Grundlagen des Glaubens bei den einzelnen Gruppierungen viele \u00dcbereinstimmungen haben. <\/p>\n\n\n\n<p>Einer der Kirchenv\u00e4ter, Cyprian (um 200-258), Bischof von Karthago und M\u00e4rtyrer schreibt zur Einheit und Einzigartigkeit der Kirche folgende tiefe und wundersch\u00f6ne Gedanken:<\/p>\n\n\n\n<!--more-->\n\n\n\n<blockquote class=\"wp-block-quote is-layout-flow wp-block-quote-is-layout-flow\">\n<p>Die Kirche ist nur eine, die sich durch ihre st\u00e4ndig wachsende Fruchtbarkeit immer weiter ausbreitet, ebenso wie die Sonne zwar viele Strahlen hat, aber nur eine Lichtquelle, und wie der Baum sich zwar in viele \u00c4ste verzweigt, aber nur einen Stamm hat, der auf fester Wurzel gegr\u00fcndet ist; und wenn aus einer Quelle noch so viele B\u00e4che entspringen, die sich scheinbar nur dank des Reichtums \u00fcberquellender F\u00fclle so zahlreich ergie\u00dfen, so lassen sich doch alle auf einen einzigen Ursprung zur\u00fcckf\u00fchren. Entferne einen Strahl von der Sonne: die Einheit des Lichtes l\u00e4sst keine Teilung zu; brich einen Ast vom Baum: einmal abgebrochen, vermag er nicht mehr zu sprossen; trenne einen Bach von seiner Quelle: sofort wird er versiegen.<\/p>\n\n\n\n<p>Ebenso ist es auch mit der Kirche des Herrn: \u00dcber den ganzen Erdkreis sendet sie ihre Strahlen aus; und doch ist es nur ein Licht, das \u00fcberallhin flutet, ohne dass die Einheit ihres Leibes zerteilt w\u00fcrde. \u00dcber die ganze Erde breitet sie ihre Zweige voll m\u00e4chtiger Lebenskraft aus, weithin l\u00e4sst sie ihre \u00fcberquellenden Wasser flie\u00dfen. Doch es gibt nur eine Quelle, nur einen Ursprung, nur eine Mutter.<\/p>\n\n\n\n<p>Dieses Sakrament der Einheit, dieses Band unaufl\u00f6slich verbundener Eintracht wird uns im Evangelium durch das Gewand unseres Herrn Jesus Christus dargestellt, das keineswegs geteilt oder zerrissen, sondern unversehrt und ungeteilt in Besitz genommen wird, indem man das Los warf, wem es geh\u00f6ren sollte. [\u2026] Auch das Volk Christi kann nicht zerteilt werden. Und so weist sein Gewand, ungeteilt und ohne Naht gewebt, auf die innige Eintracht unseres Volkes hin, auf uns, die wir Christus angezogen haben.<\/p>\n\n\n\n<p>Diese Einheit l\u00e4sst sich nicht spalten, und der eine Leib kann seinen Zusammenhalt nicht verlieren oder in St\u00fccke gerissen, sein Inneres kann nicht zerst\u00fcckelt, zerstreut oder auseinandergesprengt werden. Was immer sich vom Zentrum des Lebens entfernt, das kann f\u00fcr sich abgesondert nicht leben und atmen, es verliert die Substanz seines Heils.<\/p>\n<cite>\u00dcber die Einheit der Katholischen Kirche, 5, 7, 23 (De l\u2019unit\u00e9 de l\u2019 \u00c9glise, \u00e9d. du Cerf 1942, p. 11s.; ins Dt. \u00fcbers. \u00a9\u00a0<a href=\"http:\/\/www.evangeliumtagfuertag.org\">Evangelizo<\/a>)<\/cite><\/blockquote>\n","protected":false},"excerpt":{"rendered":"<p>Eines der Themen, das mich seit meiner Zeit in einer Freikirche sehr besch\u00e4ftigt hat und auch das Hauptanliegen des &#8220;Projekt Kirche&#8221; ist, ist die Einheit der Kirche. Leider ist die Kirche ja durch die verschiedenen Konfessionen gespalten, auch wenn die Grundlagen des Glaubens bei den einzelnen Gruppierungen viele \u00dcbereinstimmungen haben. Einer der Kirchenv\u00e4ter, Cyprian (um [&hellip;]<\/p>\n","protected":false},"author":1,"featured_media":9802,"comment_status":"open","ping_status":"open","sticky":false,"template":"","format":"standard","meta":{"jetpack_post_was_ever_published":false,"_jetpack_newsletter_access":"","_jetpack_dont_email_post_to_subs":false,"_jetpack_newsletter_tier_id":0,"_jetpack_memberships_contains_paywalled_content":false,"_jetpack_memberships_contains_paid_content":false,"footnotes":""},"categories":[9,44],"tags":[],"class_list":["post-9777","post","type-post","status-publish","format-standard","has-post-thumbnail","hentry","category-einheit","category-kirche"],"jetpack_featured_media_url":"https:\/\/i0.wp.com\/www.projekt-kirche.de\/wp-content\/uploads\/2023\/05\/Lumii_20230526_073727872.jpg?fit=566%2C497&ssl=1","jetpack_shortlink":"https:\/\/wp.me\/p4Sdv6-2xH","jetpack_sharing_enabled":true,"_links":{"self":[{"href":"https:\/\/www.projekt-kirche.de\/index.php?rest_route=\/wp\/v2\/posts\/9777","targetHints":{"allow":["GET"]}}],"collection":[{"href":"https:\/\/www.projekt-kirche.de\/index.php?rest_route=\/wp\/v2\/posts"}],"about":[{"href":"https:\/\/www.projekt-kirche.de\/index.php?rest_route=\/wp\/v2\/types\/post"}],"author":[{"embeddable":true,"href":"https:\/\/www.projekt-kirche.de\/index.php?rest_route=\/wp\/v2\/users\/1"}],"replies":[{"embeddable":true,"href":"https:\/\/www.projekt-kirche.de\/index.php?rest_route=%2Fwp%2Fv2%2Fcomments&post=9777"}],"version-history":[{"count":7,"href":"https:\/\/www.projekt-kirche.de\/index.php?rest_route=\/wp\/v2\/posts\/9777\/revisions"}],"predecessor-version":[{"id":9805,"href":"https:\/\/www.projekt-kirche.de\/index.php?rest_route=\/wp\/v2\/posts\/9777\/revisions\/9805"}],"wp:featuredmedia":[{"embeddable":true,"href":"https:\/\/www.projekt-kirche.de\/index.php?rest_route=\/wp\/v2\/media\/9802"}],"wp:attachment":[{"href":"https:\/\/www.projekt-kirche.de\/index.php?rest_route=%2Fwp%2Fv2%2Fmedia&parent=9777"}],"wp:term":[{"taxonomy":"category","embeddable":true,"href":"https:\/\/www.projekt-kirche.de\/index.php?rest_route=%2Fwp%2Fv2%2Fcategories&post=9777"},{"taxonomy":"post_tag","embeddable":true,"href":"https:\/\/www.projekt-kirche.de\/index.php?rest_route=%2Fwp%2Fv2%2Ftags&post=9777"}],"curies":[{"name":"wp","href":"https:\/\/api.w.org\/{rel}","templated":true}]}}