{"id":980,"date":"2009-05-30T08:21:20","date_gmt":"2009-05-30T06:21:20","guid":{"rendered":"http:\/\/sschweizer.wordpress.com\/?p=980"},"modified":"2020-05-09T03:38:19","modified_gmt":"2020-05-09T01:38:19","slug":"uber-die-charismatische-erneuerung-in-der-katholischen-kirche","status":"publish","type":"post","link":"https:\/\/www.projekt-kirche.de\/?p=980","title":{"rendered":"\u00dcber die Charismatische Erneuerung in der Katholischen Kirche"},"content":{"rendered":"<div class=\"shariff\" data-title=\"\u00dcber die Charismatische Erneuerung in der Katholischen Kirche\" data-info-url=\"http:\/\/ct.de\/-2467514\" data-backend-url=\"https:\/\/www.projekt-kirche.de\/wp-content\/plugins\/shariff-sharing\/backend\/index.php\" data-temp=\"\/tmp\" data-ttl=\"60\" data-service=\"gftr\" data-services='[\"googleplus\",\"facebook\",\"twitter\",\"reddit\",\"info\"]' data-image=\"\" data-url=\"https:\/\/www.projekt-kirche.de\/?p=980\" data-lang=\"de\" data-theme=\"colored\" data-orientation=\"horizontal\"><\/div><p>Gestern waren Connie und ich mal wieder bei einem katholischen Gottesdienst der (sogenannten) <a title=\"Charismatische Erneuerung in der Katholischen Kirche\" href=\"http:\/\/www.erneuerung.de\/\" target=\"_blank\" rel=\"noopener noreferrer\">Charismatischen Erneuerung<\/a> (das wird jetzt <a title=\"Bento's Blog\" href=\"http:\/\/bento-bernd.blogspot.com\/\" target=\"_blank\" rel=\"noopener noreferrer\">Bento <\/a>freuen, oder? \ud83d\ude09 ).<\/p>\n<p>Auch wenn ich mich nicht mit allem so 100% anfreunden konnte, gab es einige sehr positive Erfahrungen:<\/p>\n<ol>\n<li>Endlich mal wieder eine gute Predigt! Einfach, klar, bibelorientiert, leidenschaftlich(!) und relevant f\u00fcr das eigene Leben (es ging u.a. um den Hl. Geist, der uns Mut machen kann &#8211; wenn wir Ihn lassen -, auch gegen die &#8211; unvermeidlichen &#8211; Widerst\u00e4nde dieser Welt Jesus Christus und unseren Glauben zu bezeugen)<\/li>\n<li>Es wurde viel gemeinsam gesungen. Ausnahmslos moderne christliche Lieder (aus dem charismatischen Liedgut) begleitet von Gitarre(n) und Keyboard. Mir ist zwar die sogenannten Anbetungsszeit zu Beginn des Gottesdienstes (immerhin 30min) etwas lang, aber die Geschm\u00e4cker und Bed\u00fcrfnisse sind ja wie man wei\u00df verschieden.<\/li>\n<li> Freies (auch gemeinschaftliches) Gebet (was in der katholischen Kirche sonst nicht so \u00fcblich ist)<\/li>\n<li>Neben den modernen charismatischen Gottesdienstelementen (inkl. kurze Zeiten des gemeinschaftlichen Zungenredens oder vielmehr Zungengesangs, dem ich \u00fcbrigens immer noch recht skeptisch gegen\u00fcberstehe) gab es weiterhin alle Elemente der katholischen Eucharistiefeier. Das fand ich sehr sch\u00f6n und auch wichtig. Vor allem auch die Zeit des allgemeinen gemeinschaftlichen S\u00fcndenbekenntnisses (neben der M\u00f6glichkeit der pers\u00f6nlichen Beichte beim Priester vor und nach dem Gottesdienstes), der knieenden (!) Anbetung Jesu Christi und der Eucharistiefeier mit Empfang von Brot UND Wein (leider war der Wein schon aus als wir dran kamen ;-( )<\/li>\n<\/ol>\n<p>Es wurden \u00fcbrigens auch ein Glaubensseminar angek\u00fcndigt. Von dem her l\u00e4uft da auch etwas au\u00dferhalb des Gottesdienstes.<\/p>\n<p>Diese charismatische Eucharistiefeier findet \u00fcbrigens bei uns in M\u00fcnchen in der Pfarrei <a title=\"St. Bonifaz, M\u00fcnchen\" href=\"http:\/\/www.sankt-bonifaz.de\/\" target=\"_blank\" rel=\"noopener noreferrer\">St. Bonifaz<\/a> einmal im Monat statt (das reicht mir auch erstmal \ud83d\ude09 ). Ansonsten gibt es ganz normale katholische Messen, aber auch eine spezielle Kindermesse am Sonntag (da sind wir sonst meist)<\/p>\n<p>Das Einzige, was Connie und ich noch vermissen ist eine Kinderbetreuung (die Kinder m\u00fcssen entweder mit oder zur Oma), einen Haus- bzw. Gebetskreis (da haben wir aber schon einen gefunden, waren aber noch nicht da)\u00a0 und einen fundierten und spannenden Glaubens-\/Bibelkurs. Den m\u00fcssen wir wohl mal selbst initiieren&#8230;;-)<\/p>\n<p>Ich suche \u00fcbrigens zu diesem Thema noch einen Verleger, der das m.E. hervorragende (katholische) Seminarmaterial f\u00fcr Bibelworkshops und Kirchengeschichte von <a title=\"Verlag Ascension Press\" href=\"http:\/\/ascensionpress.com\/\" target=\"_blank\" rel=\"noopener noreferrer\">Ascension Press<\/a> auf Deutsch herausgibt (siehe <a title=\"The Great Adventure\" href=\"http:\/\/www.greatadventureonline.com\/\" target=\"_blank\" rel=\"noopener noreferrer\">The Great Adventure<\/a>). Wer jemanden diesbzgl. kennt (oder einen eigenen Verlag aufmachen will), kann sich gerne bei mir melden.<\/p>\n","protected":false},"excerpt":{"rendered":"<p>Gestern waren Connie und ich mal wieder bei einem katholischen Gottesdienst der (sogenannten) Charismatischen Erneuerung (das wird jetzt Bento freuen, oder? \ud83d\ude09 ). Auch wenn ich mich nicht mit allem so 100% anfreunden konnte, gab es einige sehr positive Erfahrungen: Endlich mal wieder eine gute Predigt! Einfach, klar, bibelorientiert, leidenschaftlich(!) und relevant f\u00fcr das eigene [&hellip;]<\/p>\n","protected":false},"author":1,"featured_media":0,"comment_status":"open","ping_status":"open","sticky":false,"template":"","format":"standard","meta":{"jetpack_post_was_ever_published":false,"_jetpack_newsletter_access":"","_jetpack_dont_email_post_to_subs":false,"_jetpack_newsletter_tier_id":0,"_jetpack_memberships_contains_paywalled_content":false,"_jetpack_memberships_contains_paid_content":false,"footnotes":""},"categories":[2],"tags":[135],"class_list":["post-980","post","type-post","status-publish","format-standard","hentry","category-allgemein","tag-charismatische-erneuerung"],"jetpack_featured_media_url":"","jetpack_shortlink":"https:\/\/wp.me\/p4Sdv6-fO","jetpack_sharing_enabled":true,"_links":{"self":[{"href":"https:\/\/www.projekt-kirche.de\/index.php?rest_route=\/wp\/v2\/posts\/980","targetHints":{"allow":["GET"]}}],"collection":[{"href":"https:\/\/www.projekt-kirche.de\/index.php?rest_route=\/wp\/v2\/posts"}],"about":[{"href":"https:\/\/www.projekt-kirche.de\/index.php?rest_route=\/wp\/v2\/types\/post"}],"author":[{"embeddable":true,"href":"https:\/\/www.projekt-kirche.de\/index.php?rest_route=\/wp\/v2\/users\/1"}],"replies":[{"embeddable":true,"href":"https:\/\/www.projekt-kirche.de\/index.php?rest_route=%2Fwp%2Fv2%2Fcomments&post=980"}],"version-history":[{"count":2,"href":"https:\/\/www.projekt-kirche.de\/index.php?rest_route=\/wp\/v2\/posts\/980\/revisions"}],"predecessor-version":[{"id":7707,"href":"https:\/\/www.projekt-kirche.de\/index.php?rest_route=\/wp\/v2\/posts\/980\/revisions\/7707"}],"wp:attachment":[{"href":"https:\/\/www.projekt-kirche.de\/index.php?rest_route=%2Fwp%2Fv2%2Fmedia&parent=980"}],"wp:term":[{"taxonomy":"category","embeddable":true,"href":"https:\/\/www.projekt-kirche.de\/index.php?rest_route=%2Fwp%2Fv2%2Fcategories&post=980"},{"taxonomy":"post_tag","embeddable":true,"href":"https:\/\/www.projekt-kirche.de\/index.php?rest_route=%2Fwp%2Fv2%2Ftags&post=980"}],"curies":[{"name":"wp","href":"https:\/\/api.w.org\/{rel}","templated":true}]}}