{"id":9844,"date":"2023-07-02T18:51:03","date_gmt":"2023-07-02T16:51:03","guid":{"rendered":"https:\/\/www.projekt-kirche.de\/?p=9844"},"modified":"2023-07-02T18:52:55","modified_gmt":"2023-07-02T16:52:55","slug":"wie-wir-anteil-an-jesu-leid-und-seinem-erloesungswerk-haben","status":"publish","type":"post","link":"https:\/\/www.projekt-kirche.de\/?p=9844","title":{"rendered":"Wie wir Anteil an Jesu Leid und seinem Erl\u00f6sungswerk haben"},"content":{"rendered":"<div class=\"shariff\" data-title=\"Wie wir Anteil an Jesu Leid und seinem Erl\u00f6sungswerk haben\" data-info-url=\"http:\/\/ct.de\/-2467514\" data-backend-url=\"https:\/\/www.projekt-kirche.de\/wp-content\/plugins\/shariff-sharing\/backend\/index.php\" data-temp=\"\/tmp\" data-ttl=\"60\" data-service=\"gftr\" data-services='[\"googleplus\",\"facebook\",\"twitter\",\"reddit\",\"info\"]' data-image=\"\" data-url=\"https:\/\/www.projekt-kirche.de\/?p=9844\" data-lang=\"de\" data-theme=\"colored\" data-orientation=\"horizontal\"><\/div>\n<p>Es gibt wohl kaum einen Menschen, der nicht Leid erlebt hat. An sich selbst und bei anderen.<\/p>\n\n\n\n<p>Selbst gute und gl\u00e4ubige Menschen m\u00fcssen leiden. Warum und wozu?<\/p>\n\n\n\n<p>Das erkl\u00e4rt die Karmelitin Theresia Benedicta vom Kreuz, mit b\u00fcrgerlichen Namen <a href=\"https:\/\/de.wikipedia.org\/wiki\/Edith_Stein?wprov=sfla1\">Edith Stein<\/a>, 1942 von den Nationalsozialisten im KZ Auschwitz-Birkenau ermordet, in einer ihrer Schriften:<\/p>\n\n\n\n<!--more-->\n\n\n\n<blockquote class=\"wp-block-quote is-layout-flow wp-block-quote-is-layout-flow\">\n<p>Der Heiland ist auf dem Kreuzweg nicht allein, und es sind nicht nur Widersacher um Ihn, die Ihn bedr\u00e4ngen, sondern auch Menschen, die Ihm beistehen: als Urbild der Kreuzesnachfolger aller Zeiten die Gottesmutter; als Typus derer, die ein ihnen auferlegtes Leid hinnehmen und seinen Segen erfahren, indem sie es tragen, Simon von Kyrene; als Vertreterin der Liebenden, die es dr\u00e4ngt, dem Herrn zu dienen, Veronika. Jeder, der in der Folge der Zeiten ein schweres Schicksal im Gedanken an den leidenden Heiland geduldig trug oder freiwillige S\u00fchneleistungen auf sich nahm, hat damit etwas von der gewaltigen Schuldenlast der Menschheit getilgt und dem Herrn Seine Last tragen helfen; vielmehr: Christus, das Haupt, leistet S\u00fchne in diesen Gliedern Seines mystischen Leibes, die sich Ihm mit Leib und Seele f\u00fcr Sein Erl\u00f6sungswerk zur Verf\u00fcgung stellen.<\/p>\n\n\n\n<p>Wir d\u00fcrfen annehmen, dass der Ausblick auf die Getreuen, die Ihm auf Seinem Leidensweg folgen w\u00fcrden, den Heiland in der \u00d6lbergnacht gest\u00e4rkt hat. Und die Kraft dieser Kreuztr\u00e4ger kommt Ihm nach jedem Fall zu Hilfe. Die Gerechten des Alten Bundes sind es, die Ihn das St\u00fcck Weges vom ersten bis zum zweiten Fall begleiten. Die J\u00fcnger und J\u00fcngerinnen, die sich w\u00e4hrend Seines Erdenlebens um Ihn scharten, sind die Helfer auf der zweiten Wegstrecke. Die Kreuzesliebhaber, die Er erweckt hat und immer aufs Neue erwecken wird in der wechselvollen Geschichte der streitenden Kirche, das sind Seine Bundesgenossen in der Endzeit. Dazu sind auch wir berufen.<\/p>\n<cite>Kreuzesliebe. Einige Gedanken zum Fest des hl. Vaters Johannes vom Kreuz (24. November 1933), in: Edith-Stein-Gesamtausgabe, Band 20, Geistliche Texte II, 2. Teil 2, S. 67, zitiert aus <a href=\"http:\/\/www.evangeliumtagfuertag.org\">Evangelium Tag f\u00fcr Tag <\/a><\/cite><\/blockquote>\n","protected":false},"excerpt":{"rendered":"<p>Es gibt wohl kaum einen Menschen, der nicht Leid erlebt hat. An sich selbst und bei anderen. Selbst gute und gl\u00e4ubige Menschen m\u00fcssen leiden. Warum und wozu? Das erkl\u00e4rt die Karmelitin Theresia Benedicta vom Kreuz, mit b\u00fcrgerlichen Namen Edith Stein, 1942 von den Nationalsozialisten im KZ Auschwitz-Birkenau ermordet, in einer ihrer Schriften:<\/p>\n","protected":false},"author":1,"featured_media":9846,"comment_status":"open","ping_status":"open","sticky":false,"template":"","format":"standard","meta":{"jetpack_post_was_ever_published":false,"_jetpack_newsletter_access":"","_jetpack_dont_email_post_to_subs":false,"_jetpack_newsletter_tier_id":0,"_jetpack_memberships_contains_paywalled_content":false,"_jetpack_memberships_contains_paid_content":false,"footnotes":""},"categories":[51,60],"tags":[350,208,351],"class_list":["post-9844","post","type-post","status-publish","format-standard","has-post-thumbnail","hentry","category-leid","category-nachfolge","tag-erloesung","tag-leid","tag-nachfolge"],"jetpack_featured_media_url":"https:\/\/i0.wp.com\/www.projekt-kirche.de\/wp-content\/uploads\/2023\/07\/Edith-Stein-ca.-1938-1939.jpg?fit=1408%2C1600&ssl=1","jetpack_shortlink":"https:\/\/wp.me\/p4Sdv6-2yM","jetpack_sharing_enabled":true,"_links":{"self":[{"href":"https:\/\/www.projekt-kirche.de\/index.php?rest_route=\/wp\/v2\/posts\/9844","targetHints":{"allow":["GET"]}}],"collection":[{"href":"https:\/\/www.projekt-kirche.de\/index.php?rest_route=\/wp\/v2\/posts"}],"about":[{"href":"https:\/\/www.projekt-kirche.de\/index.php?rest_route=\/wp\/v2\/types\/post"}],"author":[{"embeddable":true,"href":"https:\/\/www.projekt-kirche.de\/index.php?rest_route=\/wp\/v2\/users\/1"}],"replies":[{"embeddable":true,"href":"https:\/\/www.projekt-kirche.de\/index.php?rest_route=%2Fwp%2Fv2%2Fcomments&post=9844"}],"version-history":[{"count":5,"href":"https:\/\/www.projekt-kirche.de\/index.php?rest_route=\/wp\/v2\/posts\/9844\/revisions"}],"predecessor-version":[{"id":9850,"href":"https:\/\/www.projekt-kirche.de\/index.php?rest_route=\/wp\/v2\/posts\/9844\/revisions\/9850"}],"wp:featuredmedia":[{"embeddable":true,"href":"https:\/\/www.projekt-kirche.de\/index.php?rest_route=\/wp\/v2\/media\/9846"}],"wp:attachment":[{"href":"https:\/\/www.projekt-kirche.de\/index.php?rest_route=%2Fwp%2Fv2%2Fmedia&parent=9844"}],"wp:term":[{"taxonomy":"category","embeddable":true,"href":"https:\/\/www.projekt-kirche.de\/index.php?rest_route=%2Fwp%2Fv2%2Fcategories&post=9844"},{"taxonomy":"post_tag","embeddable":true,"href":"https:\/\/www.projekt-kirche.de\/index.php?rest_route=%2Fwp%2Fv2%2Ftags&post=9844"}],"curies":[{"name":"wp","href":"https:\/\/api.w.org\/{rel}","templated":true}]}}