{"id":9877,"date":"2023-09-12T08:17:04","date_gmt":"2023-09-12T06:17:04","guid":{"rendered":"https:\/\/www.projekt-kirche.de\/?p=9877"},"modified":"2023-09-12T08:35:23","modified_gmt":"2023-09-12T06:35:23","slug":"ueber-die-pflicht-zur-furchtlosen-verkuendigung-des-evangeliums","status":"publish","type":"post","link":"https:\/\/www.projekt-kirche.de\/?p=9877","title":{"rendered":"\u00dcber die Pflicht zur furchtlosen Verk\u00fcndigung des Evangeliums"},"content":{"rendered":"<div class=\"shariff\" data-title=\"\u00dcber die Pflicht zur furchtlosen Verk\u00fcndigung des Evangeliums\" data-info-url=\"http:\/\/ct.de\/-2467514\" data-backend-url=\"https:\/\/www.projekt-kirche.de\/wp-content\/plugins\/shariff-sharing\/backend\/index.php\" data-temp=\"\/tmp\" data-ttl=\"60\" data-service=\"gftr\" data-services='[\"googleplus\",\"facebook\",\"twitter\",\"reddit\",\"info\"]' data-image=\"\" data-url=\"https:\/\/www.projekt-kirche.de\/?p=9877\" data-lang=\"de\" data-theme=\"colored\" data-orientation=\"horizontal\"><\/div>\n<p>Eine der gro\u00dfen Herausforderungen unserer Zeit, aber auch unserer Pflichten als Christen ist es, das Evangelium zu verk\u00fcnden, auch wenn es nicht geh\u00f6rt werden will.<\/p>\n\n\n\n<p>Und mit dem Evangelium, der guten Nachricht \u00fcber die Errettung durch Jesus Christus, geh\u00f6rt nat\u00fcrlich auch der Aufruf zur Umkehr, d. h. zu einem Leben in Gemeinschaft mit Gott unserem Herrn. Und das bedeutet auch, dass man &#8211; aus Liebe und Dankbarkeit zu ihm &#8211; , seine Gebote ernst zu nehmen versucht. <\/p>\n\n\n\n<!--more-->\n\n\n\n<p>Die Frucht davon ist Liebe, Freude, Friede (vgl. <a href=\"https:\/\/www.bibleserver.com\/NLB\/Galater5%2C22\" class=\"bibleserver extern\" target=\"_blank\" rel=\"noopener\">Gal 5,22<\/a>), aber dies muss h\u00e4ufig auch erkauft werden durch Schmerz und Leid. Und Letzteres w\u00fcrde man sich nat\u00fcrlich gerne ersparen, ist aber in der Nachfolge Jesu h\u00e4ufig unvermeidlich.<\/p>\n\n\n\n<p>Deshalb ist es wichtig, dass man das Evangelium unverk\u00fcrzt verk\u00fcndet und sich auch immer wieder klar macht, dass es nicht die eigene Botschaft ist, f\u00fcr die man bereits vollst\u00e4ndig heilig sein m\u00fcsste, sondern die Botschaft Jesu, die man in seinem Namen weitergeben darf und soll. <\/p>\n\n\n\n<p>So empfing Charles de Foucauld (1858-1916), Eremit und Missionar in der Sahara, folgende Botschaft von Jesus, die sich vor allem an unsere Bisch\u00f6fe, Priester und Pastoren richtet, aber auch an uns &#8220;normale&#8221; Christen:<\/p>\n\n\n\n<blockquote class=\"wp-block-quote is-layout-flow wp-block-quote-is-layout-flow\">\n<p>Jesus: \u201eErinnert euch an den Mut, mit dem ich sogar inmitten meiner Feinde, w\u00e4hrend sie meinen Tod planten, die Lehre der Wahrheit mit lauter Stimme ihnen ins Gesicht verk\u00fcndete, und zwar genau diese Wahrheiten, von denen ich wusste, dass sie ihnen am meisten verhasst und unertr\u00e4glich sind \u2026 Erinnert euch, mit welchem Mut ich vor und mitten unter ihnen Wunder vollbrachte: diese Heilungen und diese Taten, die sie in Wut versetzten und dazu veranlassten, meinen Tod zu beschlie\u00dfen \u2026 Ich habe das f\u00fcr euch getan, um euretwillen, um die Wahrheit laut zu verk\u00fcnden und um alle Menschen Mut zu lehren, besonders bei der Erf\u00fcllung ihrer religi\u00f6sen Pflichten; um die Seelenhirten zu lehren, Mut beim Predigen zu haben. Verheimlicht nicht die Wahrheit, was immer es euch auch kosten mag; wenn ihr dadurch zu M\u00e4rtyrern werdet, umso besser: Ihr werdet daf\u00fcr mit mir im Hause meines Vaters herrschen \u2026<\/p>\n\n\n\n<p>Ja, denkt an das Beispiel, das ich euch gebe. Ich bin das Licht, ich habe nicht das Recht, mich unter den Scheffel zu stellen: Ich muss den Menschen leuchten, auch gegen ihren Willen, solange, bis mein Vater die Stunde meiner Ruhe schlagen l\u00e4sst; dies gilt auch f\u00fcr euch, die ihr Seelenhirten seid; ich habe euch auf den Leuchter gestellt [\u2026]; ihr seid verpflichtet, den Samen auszus\u00e4en, den ich euch anvertraut habe, die Lehre von den D\u00e4chern zu rufen, die ich euch ins Ohr gefl\u00fcstert habe. Ruft, s\u00e4t, predigt; tut dies mit einer Freude, die umso s\u00fc\u00dfer ist, als ihr mir dabei nicht nur gehorcht, sondern mich nachahmt \u2026<\/p>\n\n\n\n<p>Ob man euch zuh\u00f6rt oder nicht, predigt immer und betet immer darum, dass eure Worte Frucht bringen; sollten sie keine Frucht bringen, dann macht weiter, ohne traurig oder mutlos zu werden, ja, sogar mit einer gewissen Freude \u00fcber diesen Misserfolg, da ihr, wenn ihr keinen Erfolg habt, auch darin Anteil habt an meinem Geschick \u2026\u201c<\/p>\n<cite>Acht Tage in \u00c9phrem (\u00c9crits spirituels de Charles de Foucauld, \u00c9d. J. de Gigord 1964, p. 143\u2013144; ins Dt. \u00fcbers. \u00a9&nbsp;<a href=\"http:\/\/www.evangeliumtagfuertag.org\">Evangelizo<\/a>)<\/cite><\/blockquote>\n","protected":false},"excerpt":{"rendered":"<p>Eine der gro\u00dfen Herausforderungen unserer Zeit, aber auch unserer Pflichten als Christen ist es, das Evangelium zu verk\u00fcnden, auch wenn es nicht geh\u00f6rt werden will. Und mit dem Evangelium, der guten Nachricht \u00fcber die Errettung durch Jesus Christus, geh\u00f6rt nat\u00fcrlich auch der Aufruf zur Umkehr, d. h. zu einem Leben in Gemeinschaft mit Gott unserem [&hellip;]<\/p>\n","protected":false},"author":1,"featured_media":9893,"comment_status":"open","ping_status":"open","sticky":false,"template":"","format":"standard","meta":{"jetpack_post_was_ever_published":false,"_jetpack_newsletter_access":"","_jetpack_dont_email_post_to_subs":false,"_jetpack_newsletter_tier_id":0,"_jetpack_memberships_contains_paywalled_content":false,"_jetpack_memberships_contains_paid_content":false,"footnotes":""},"categories":[3,14,50],"tags":[],"class_list":["post-9877","post","type-post","status-publish","format-standard","has-post-thumbnail","hentry","category-christentum","category-evangelisation","category-lehre"],"jetpack_featured_media_url":"https:\/\/i0.wp.com\/www.projekt-kirche.de\/wp-content\/uploads\/2023\/09\/image_editor_output_image-1626786687-1694500307265.jpg?fit=200%2C209&ssl=1","jetpack_shortlink":"https:\/\/wp.me\/p4Sdv6-2zj","jetpack_sharing_enabled":true,"_links":{"self":[{"href":"https:\/\/www.projekt-kirche.de\/index.php?rest_route=\/wp\/v2\/posts\/9877","targetHints":{"allow":["GET"]}}],"collection":[{"href":"https:\/\/www.projekt-kirche.de\/index.php?rest_route=\/wp\/v2\/posts"}],"about":[{"href":"https:\/\/www.projekt-kirche.de\/index.php?rest_route=\/wp\/v2\/types\/post"}],"author":[{"embeddable":true,"href":"https:\/\/www.projekt-kirche.de\/index.php?rest_route=\/wp\/v2\/users\/1"}],"replies":[{"embeddable":true,"href":"https:\/\/www.projekt-kirche.de\/index.php?rest_route=%2Fwp%2Fv2%2Fcomments&post=9877"}],"version-history":[{"count":10,"href":"https:\/\/www.projekt-kirche.de\/index.php?rest_route=\/wp\/v2\/posts\/9877\/revisions"}],"predecessor-version":[{"id":9894,"href":"https:\/\/www.projekt-kirche.de\/index.php?rest_route=\/wp\/v2\/posts\/9877\/revisions\/9894"}],"wp:featuredmedia":[{"embeddable":true,"href":"https:\/\/www.projekt-kirche.de\/index.php?rest_route=\/wp\/v2\/media\/9893"}],"wp:attachment":[{"href":"https:\/\/www.projekt-kirche.de\/index.php?rest_route=%2Fwp%2Fv2%2Fmedia&parent=9877"}],"wp:term":[{"taxonomy":"category","embeddable":true,"href":"https:\/\/www.projekt-kirche.de\/index.php?rest_route=%2Fwp%2Fv2%2Fcategories&post=9877"},{"taxonomy":"post_tag","embeddable":true,"href":"https:\/\/www.projekt-kirche.de\/index.php?rest_route=%2Fwp%2Fv2%2Ftags&post=9877"}],"curies":[{"name":"wp","href":"https:\/\/api.w.org\/{rel}","templated":true}]}}