{"id":9895,"date":"2023-09-16T08:05:14","date_gmt":"2023-09-16T06:05:14","guid":{"rendered":"https:\/\/www.projekt-kirche.de\/?p=9895"},"modified":"2023-09-16T08:05:47","modified_gmt":"2023-09-16T06:05:47","slug":"jesu-worte-hoeren-und-danach-handeln","status":"publish","type":"post","link":"https:\/\/www.projekt-kirche.de\/?p=9895","title":{"rendered":"Jesu Worte h\u00f6ren und danach handeln"},"content":{"rendered":"<div class=\"shariff\" data-title=\"Jesu Worte h\u00f6ren und danach handeln\" data-info-url=\"http:\/\/ct.de\/-2467514\" data-backend-url=\"https:\/\/www.projekt-kirche.de\/wp-content\/plugins\/shariff-sharing\/backend\/index.php\" data-temp=\"\/tmp\" data-ttl=\"60\" data-service=\"gftr\" data-services='[\"googleplus\",\"facebook\",\"twitter\",\"reddit\",\"info\"]' data-image=\"\" data-url=\"https:\/\/www.projekt-kirche.de\/?p=9895\" data-lang=\"de\" data-theme=\"colored\" data-orientation=\"horizontal\"><\/div>\n<p>Heute erl\u00e4utert der Kirchenlehrer und Bischof von Hippo Augustinus (354-430) wie wichtig es ist, dass wir sowohl die Worte Jesu h\u00f6ren als auch danach handeln. Und das gilt nat\u00fcrlich auch f\u00fcr die Prediger selbst. <\/p>\n\n\n\n<!--more-->\n\n\n\n<blockquote class=\"wp-block-quote is-layout-flow wp-block-quote-is-layout-flow\">\n<p>Br\u00fcder, der heilige Apostel Jakobus wendet sich an eifrige H\u00f6rer des Wortes Gottes, wenn er spricht: \u201eH\u00f6rt das Wort nicht nur an, sondern handelt danach; sonst betr\u00fcgt ihr euch selbst\u201c (<a href=\"https:\/\/www.bibleserver.com\/NLB\/Jakobus1%2C22\" class=\"bibleserver extern\" target=\"_blank\" rel=\"noopener\">Jak 1,22<\/a>). Nicht den Urheber des Wortes w\u00fcrdet ihr t\u00e4uschen, nicht den, der es euch verk\u00fcndigt, sondern euch selbst. [\u2026] Auch der Prediger w\u00fcrde ohne eigenen Nutzen das Wort Gottes nach au\u00dfen verk\u00fcnden, wenn er es nicht zuvor in seinem Inneren h\u00f6ren w\u00fcrde, um danach zu handeln. [\u2026]<\/p>\n\n\n\n<p>Wer aber handelt innerlich nach dem Wort? Derjenige, der sich vor b\u00f6sen Begierden h\u00fctet. Und wer handelt \u00e4u\u00dferlich danach? Derjenige, der \u201ean die Hungrigen sein Brot austeilt\u201c (vgl. <a href=\"https:\/\/www.bibleserver.com\/NLB\/Jesaja58%2C7\" class=\"bibleserver extern\" target=\"_blank\" rel=\"noopener\">Jes 58,7<\/a>). Was wir tun, das sieht unser N\u00e4chster, doch warum wir es tun, daf\u00fcr ist Gott allein Zeuge. \u201eH\u00f6rt also das Wort nicht nur an, sondern handelt danach; sonst betr\u00fcgt ihr euch selbst\u201c \u2013 nicht Gott oder seinen Diener. Ich kann nicht in eurem Herzen lesen, doch Gott, der die Herzen erforscht, sieht, was Menschen nicht sehen k\u00f6nnen. Er sieht euer eifriges Zuh\u00f6ren, eure Gedanken, eure Entschl\u00fcsse, die Fortschritte, die ihr durch seine Gnade macht, die Beharrlichkeit eures Gebetes, die Bitten, die ihr an ihn richtet, um zu erhalten, was euch fehlt, und euren Dank, den ihr ihm f\u00fcr seine Wohltaten darbringt [\u2026].<\/p>\n\n\n\n<p>Denkt gut dar\u00fcber nach, Br\u00fcder! Wenn es schon lobenswert ist, das Wort zu h\u00f6ren, um wieviel besser ist es, auch danach zu handeln. Wenn ihr es nicht h\u00f6rt, lebt ihr nachl\u00e4ssig, und baut nichts auf. Wenn ihr es h\u00f6rt, aber nicht danach handelt, baut ihr nur Ruinen. Der Herr hat uns in diesem Zusammenhang einen sehr treffenden Vergleich gegeben: \u201eWer diese meine Worte h\u00f6rt und danach handelt, ist wie ein kluger Mann, der sein Haus auf Fels baute\u201c (<a href=\"https:\/\/www.bibleserver.com\/NLB\/Matth%C3%A4us7%2C24\" class=\"bibleserver extern\" target=\"_blank\" rel=\"noopener\">Mt 7,24<\/a>). H\u00f6ren und danach handeln bedeutet, auf Felsen zu bauen [\u2026], h\u00f6ren ohne danach zu handeln bedeutet, auf Sand zu bauen; sich sogar weigern, zu h\u00f6ren, bedeutet, \u00fcberhaupt nichts zu bauen.<\/p>\n<cite>179. Predigt (Sermon 179; frz.-dt. \u00fcbers. \u00a9&nbsp;<a href=\"http:\/\/www.evangeliumtagfuertag.org\">Evangelizo<\/a>)<\/cite><\/blockquote>\n","protected":false},"excerpt":{"rendered":"<p>Heute erl\u00e4utert der Kirchenlehrer und Bischof von Hippo Augustinus (354-430) wie wichtig es ist, dass wir sowohl die Worte Jesu h\u00f6ren als auch danach handeln. Und das gilt nat\u00fcrlich auch f\u00fcr die Prediger selbst.<\/p>\n","protected":false},"author":1,"featured_media":9897,"comment_status":"open","ping_status":"open","sticky":false,"template":"","format":"standard","meta":{"jetpack_post_was_ever_published":false,"_jetpack_newsletter_access":"","_jetpack_dont_email_post_to_subs":false,"_jetpack_newsletter_tier_id":0,"_jetpack_memberships_contains_paywalled_content":false,"_jetpack_memberships_contains_paid_content":false,"footnotes":""},"categories":[3,60],"tags":[],"class_list":["post-9895","post","type-post","status-publish","format-standard","has-post-thumbnail","hentry","category-christentum","category-nachfolge"],"jetpack_featured_media_url":"https:\/\/i0.wp.com\/www.projekt-kirche.de\/wp-content\/uploads\/2023\/09\/image_editor_output_image1179154408-1694844000626.jpg?fit=1508%2C1080&ssl=1","jetpack_shortlink":"https:\/\/wp.me\/p4Sdv6-2zB","jetpack_sharing_enabled":true,"_links":{"self":[{"href":"https:\/\/www.projekt-kirche.de\/index.php?rest_route=\/wp\/v2\/posts\/9895","targetHints":{"allow":["GET"]}}],"collection":[{"href":"https:\/\/www.projekt-kirche.de\/index.php?rest_route=\/wp\/v2\/posts"}],"about":[{"href":"https:\/\/www.projekt-kirche.de\/index.php?rest_route=\/wp\/v2\/types\/post"}],"author":[{"embeddable":true,"href":"https:\/\/www.projekt-kirche.de\/index.php?rest_route=\/wp\/v2\/users\/1"}],"replies":[{"embeddable":true,"href":"https:\/\/www.projekt-kirche.de\/index.php?rest_route=%2Fwp%2Fv2%2Fcomments&post=9895"}],"version-history":[{"count":4,"href":"https:\/\/www.projekt-kirche.de\/index.php?rest_route=\/wp\/v2\/posts\/9895\/revisions"}],"predecessor-version":[{"id":9900,"href":"https:\/\/www.projekt-kirche.de\/index.php?rest_route=\/wp\/v2\/posts\/9895\/revisions\/9900"}],"wp:featuredmedia":[{"embeddable":true,"href":"https:\/\/www.projekt-kirche.de\/index.php?rest_route=\/wp\/v2\/media\/9897"}],"wp:attachment":[{"href":"https:\/\/www.projekt-kirche.de\/index.php?rest_route=%2Fwp%2Fv2%2Fmedia&parent=9895"}],"wp:term":[{"taxonomy":"category","embeddable":true,"href":"https:\/\/www.projekt-kirche.de\/index.php?rest_route=%2Fwp%2Fv2%2Fcategories&post=9895"},{"taxonomy":"post_tag","embeddable":true,"href":"https:\/\/www.projekt-kirche.de\/index.php?rest_route=%2Fwp%2Fv2%2Ftags&post=9895"}],"curies":[{"name":"wp","href":"https:\/\/api.w.org\/{rel}","templated":true}]}}