{"id":9901,"date":"2023-09-25T08:07:55","date_gmt":"2023-09-25T06:07:55","guid":{"rendered":"https:\/\/www.projekt-kirche.de\/?p=9901"},"modified":"2023-09-25T08:13:24","modified_gmt":"2023-09-25T06:13:24","slug":"lasst-euer-licht-leuchten","status":"publish","type":"post","link":"https:\/\/www.projekt-kirche.de\/?p=9901","title":{"rendered":"Lasst euer Licht leuchten!"},"content":{"rendered":"<div class=\"shariff\" data-title=\"Lasst euer Licht leuchten!\" data-info-url=\"http:\/\/ct.de\/-2467514\" data-backend-url=\"https:\/\/www.projekt-kirche.de\/wp-content\/plugins\/shariff-sharing\/backend\/index.php\" data-temp=\"\/tmp\" data-ttl=\"60\" data-service=\"gftr\" data-services='[\"googleplus\",\"facebook\",\"twitter\",\"reddit\",\"info\"]' data-image=\"\" data-url=\"https:\/\/www.projekt-kirche.de\/?p=9901\" data-lang=\"de\" data-theme=\"colored\" data-orientation=\"horizontal\"><\/div>\n<p>Was meint Jesus eigentlich damit, dass wir unser Licht leuchten lassen sollen?<\/p>\n\n\n\n<p>Das erl\u00e4utert uns heute Johannes Chrysostomus (um 345-407), Priester in Antiochia und sp\u00e4ter Bischof von Konstantinopel, Kirchenlehrer:<\/p>\n\n\n\n<!--more-->\n\n\n\n<blockquote class=\"wp-block-quote is-layout-flow wp-block-quote-is-layout-flow\">\n<p>Er erkl\u00e4rt ihnen: \u201eDenkt nicht: \u201aJetzt k\u00f6nnen wir uns zu Ruhe setzen, wir sind ja in einem kleinen Winkel der Welt verborgen\u2018, denn ihr werdet von allen Menschen gesehen werden, wie eine Stadt, die auf einem Berg liegt (vgl. <a href=\"https:\/\/www.bibleserver.com\/NLB\/Matth%C3%A4us5%2C14\" class=\"bibleserver extern\" target=\"_blank\" rel=\"noopener\">Mt 5,14<\/a>), wie ein Licht im Haus, das man auf einen Leuchter gestellt hat. [\u2026] Ich habe das Licht eurer Fackel entz\u00fcndet, aber an euch liegt es, sie am Brennen zu halten, nicht nur zu eurem pers\u00f6nlichen Vorteil, sondern auch im Interesse all derer, die das Licht sehen und dadurch zur Wahrheit gef\u00fchrt werden sollen. Auch die schlimmsten Bosheiten werden euer Licht nicht verdunkeln k\u00f6nnen, wenn ihr wachsam seid als Menschen, die dazu berufen sind, die ganze Welt zum Guten zu f\u00fchren. M\u00f6ge also euer Leben der Heiligkeit eures Dienstes entsprechen, damit die Gnade Gottes \u00fcberall verk\u00fcndet werde.\u201c<\/p>\n\n\n\n<p>\u201eNiemand z\u00fcndet ein Licht an und deckt es mit einem Gef\u00e4\u00df zu\u201c. Mit diesen Worten fordert Jesus seine J\u00fcnger auf, ein untadeliges Leben zu f\u00fchren, und r\u00e4t ihnen, st\u00e4ndig \u00fcber sich selbst zu wachen, da sie, wie Wettk\u00e4mpfer in der Arena, zum Schauspiel f\u00fcr die ganze Welt geworden seien (vgl. <a href=\"https:\/\/www.bibleserver.com\/NLB\/1.Korinther4%2C9\" class=\"bibleserver extern\" target=\"_blank\" rel=\"noopener\">1 Kor 4,9<\/a>).<\/p>\n<cite>Homilien zum Matth\u00e4us-Evangelium, 15 (Hom\u00e9lies sur l&#8217;\u00e9vangile de Matthieu, in: L\u2019\u00c9vangile comment\u00e9 par les P\u00e8res, \u00c9d. Ouvri\u00e8res 1965, p. 113; ins Dt. \u00fcbers. \u00a9\u00a0<a href=\"http:\/\/www.evangeliumtagfuertag.org\">Evangelizo<\/a>)<\/cite><\/blockquote>\n","protected":false},"excerpt":{"rendered":"<p>Was meint Jesus eigentlich damit, dass wir unser Licht leuchten lassen sollen? Das erl\u00e4utert uns heute Johannes Chrysostomus (um 345-407), Priester in Antiochia und sp\u00e4ter Bischof von Konstantinopel, Kirchenlehrer:<\/p>\n","protected":false},"author":1,"featured_media":9908,"comment_status":"open","ping_status":"open","sticky":false,"template":"","format":"standard","meta":{"jetpack_post_was_ever_published":false,"_jetpack_newsletter_access":"","_jetpack_dont_email_post_to_subs":false,"_jetpack_newsletter_tier_id":0,"_jetpack_memberships_contains_paywalled_content":false,"_jetpack_memberships_contains_paid_content":false,"footnotes":""},"categories":[3,60],"tags":[352],"class_list":["post-9901","post","type-post","status-publish","format-standard","has-post-thumbnail","hentry","category-christentum","category-nachfolge","tag-licht"],"jetpack_featured_media_url":"https:\/\/i0.wp.com\/www.projekt-kirche.de\/wp-content\/uploads\/2023\/09\/image_editor_output_image-1844556846-1695622286156.jpg?fit=431%2C237&ssl=1","jetpack_shortlink":"https:\/\/wp.me\/p4Sdv6-2zH","jetpack_sharing_enabled":true,"_links":{"self":[{"href":"https:\/\/www.projekt-kirche.de\/index.php?rest_route=\/wp\/v2\/posts\/9901","targetHints":{"allow":["GET"]}}],"collection":[{"href":"https:\/\/www.projekt-kirche.de\/index.php?rest_route=\/wp\/v2\/posts"}],"about":[{"href":"https:\/\/www.projekt-kirche.de\/index.php?rest_route=\/wp\/v2\/types\/post"}],"author":[{"embeddable":true,"href":"https:\/\/www.projekt-kirche.de\/index.php?rest_route=\/wp\/v2\/users\/1"}],"replies":[{"embeddable":true,"href":"https:\/\/www.projekt-kirche.de\/index.php?rest_route=%2Fwp%2Fv2%2Fcomments&post=9901"}],"version-history":[{"count":4,"href":"https:\/\/www.projekt-kirche.de\/index.php?rest_route=\/wp\/v2\/posts\/9901\/revisions"}],"predecessor-version":[{"id":9907,"href":"https:\/\/www.projekt-kirche.de\/index.php?rest_route=\/wp\/v2\/posts\/9901\/revisions\/9907"}],"wp:featuredmedia":[{"embeddable":true,"href":"https:\/\/www.projekt-kirche.de\/index.php?rest_route=\/wp\/v2\/media\/9908"}],"wp:attachment":[{"href":"https:\/\/www.projekt-kirche.de\/index.php?rest_route=%2Fwp%2Fv2%2Fmedia&parent=9901"}],"wp:term":[{"taxonomy":"category","embeddable":true,"href":"https:\/\/www.projekt-kirche.de\/index.php?rest_route=%2Fwp%2Fv2%2Fcategories&post=9901"},{"taxonomy":"post_tag","embeddable":true,"href":"https:\/\/www.projekt-kirche.de\/index.php?rest_route=%2Fwp%2Fv2%2Ftags&post=9901"}],"curies":[{"name":"wp","href":"https:\/\/api.w.org\/{rel}","templated":true}]}}