{"id":9909,"date":"2023-10-01T17:37:37","date_gmt":"2023-10-01T15:37:37","guid":{"rendered":"https:\/\/www.projekt-kirche.de\/?p=9909"},"modified":"2023-10-01T17:40:05","modified_gmt":"2023-10-01T15:40:05","slug":"ueber-die-demut-oder-was-nachfolge-jesu-bedeutet","status":"publish","type":"post","link":"https:\/\/www.projekt-kirche.de\/?p=9909","title":{"rendered":"\u00dcber die Demut oder was &#8220;Nachfolge Jesu&#8221; bedeutet"},"content":{"rendered":"<div class=\"shariff\" data-title=\"\u00dcber die Demut oder was &#8220;Nachfolge Jesu&#8221; bedeutet\" data-info-url=\"http:\/\/ct.de\/-2467514\" data-backend-url=\"https:\/\/www.projekt-kirche.de\/wp-content\/plugins\/shariff-sharing\/backend\/index.php\" data-temp=\"\/tmp\" data-ttl=\"60\" data-service=\"gftr\" data-services='[\"googleplus\",\"facebook\",\"twitter\",\"reddit\",\"info\"]' data-image=\"\" data-url=\"https:\/\/www.projekt-kirche.de\/?p=9909\" data-lang=\"de\" data-theme=\"colored\" data-orientation=\"horizontal\"><\/div>\n<p>Was hei\u00dft es wirklich Christ zu sein bzw. Jesus nachzufolgen?<\/p>\n\n\n\n<p>Reicht es aus, dass man getauft ist, grunds\u00e4tzlich an Gott glaubt und ab und zu mal in die Kirche geht?<\/p>\n\n\n\n<!--more-->\n\n\n\n<p>Oder geht es nicht vor allem auch darum, mehr und mehr so zu werden wie Jesus?<\/p>\n\n\n\n<p> D. h. z. B. von ihm zu lernen, was es hei\u00dft dem\u00fctig zu sein? Auf die eigenen Rechte aus Liebe und Barmherzigkeit gegen\u00fcber den anderen (zumindest vor\u00fcbergehend) zu verzichten?<\/p>\n\n\n\n<p>Der M\u00f6nch, Bischof von Caesarea und Kirchenlehrer Basilius (um 330-379), gibt uns im Folgenden eine sehr tiefgehende Lektion:<\/p>\n\n\n\n<blockquote class=\"wp-block-quote is-layout-flow wp-block-quote-is-layout-flow\">\n<p>\u201eWer sich selbst erh\u00f6ht, wird erniedrigt, und wer sich selbst erniedrigt, wird erh\u00f6ht werden\u201c (<a href=\"https:\/\/www.bibleserver.com\/NLB\/Matth%C3%A4us23%2C12\" class=\"bibleserver extern\" target=\"_blank\" rel=\"noopener\">Mt 23,12<\/a>). [\u2026] Ahmen wir den Herrn nach, der vom Himmel bis in die tiefste Erniedrigung herabstieg, und im Gegenzug vom letzten Platz zu einer H\u00f6he erhoben wurde, die seiner w\u00fcrdig war. Lasst uns alles ausfindig machen, was der Herr uns lehrt, um uns zur Demut zu f\u00fchren.<\/p>\n\n\n\n<p>Schon als S\u00e4ugling finden wir ihn in einer H\u00f6hle; nicht in einer Wiege liegt er, sondern in einer Futterkrippe. Im Haus eines Handwerkers und einer armen Mutter ist er seiner Mutter und ihrem Mann gehorsam. Er lie\u00df sich belehren und h\u00f6rte auf die, derer er nicht bedurfte; er stellte Fragen, doch so, dass man \u00fcber seine Weisheit in Staunen geriet. Er unterstellte sich Johannes, und der Meister empfing von seinem Diener die Taufe. Er leistete denen, die sich gegen ihn stellten, keinen Widerstand und unterlie\u00df es, seine unbesiegbare Macht zu zeigen, um sich aus den H\u00e4nden derer zu befreien, die ihn fesselten. Wie ohnm\u00e4chtig lie\u00df er alles an sich geschehen, und in dem Ma\u00df, wie er es f\u00fcr richtig hielt, lieferte er sich einer verg\u00e4nglichen Macht aus. Vor dem Hohenpriester erschien er als Angeklagter, vor dem Statthalter unterwarf er sich dessen Urteil, und schweigend ertrug er die Verleumdungen, obwohl er den Verleumdern h\u00e4tte widersprechen k\u00f6nnen. Bedeckt vom Speichel nichtsw\u00fcrdiger Sklaven und Knechte wurde er schlie\u00dflich dem Tod ausgeliefert, einem Tod, der in den Augen der Menschen \u00fcberaus sch\u00e4ndlich war. So verlief sein Leben als Mensch von seiner Geburt bis zu seinem Ende. Doch nach solcher Erniedrigung lie\u00df er seine Herrlichkeit erstrahlen. [\u2026] Lasst uns ihn nachahmen, damit auch wir zur ewigen Herrlichkeit gelangen.<\/p>\n<cite>Homilie \u00fcber die Demut, 5\u22126 (Hom\u00e9lie sur l&#8217;humilit\u00e9, 2000 ans B, p. 232, rev.; ins Dt. \u00fcbers. \u00a9&nbsp;<a href=\"http:\/\/www.evangeliumtagfuertag.org\">Evangelizo<\/a>)<\/cite><\/blockquote>\n","protected":false},"excerpt":{"rendered":"<p>Was hei\u00dft es wirklich Christ zu sein bzw. Jesus nachzufolgen? Reicht es aus, dass man getauft ist, grunds\u00e4tzlich an Gott glaubt und ab und zu mal in die Kirche geht?<\/p>\n","protected":false},"author":1,"featured_media":9913,"comment_status":"open","ping_status":"open","sticky":false,"template":"","format":"standard","meta":{"jetpack_post_was_ever_published":false,"_jetpack_newsletter_access":"","_jetpack_dont_email_post_to_subs":false,"_jetpack_newsletter_tier_id":0,"_jetpack_memberships_contains_paywalled_content":false,"_jetpack_memberships_contains_paid_content":false,"footnotes":""},"categories":[3,5,38,60],"tags":[],"class_list":["post-9909","post","type-post","status-publish","format-standard","has-post-thumbnail","hentry","category-christentum","category-demut","category-jesus","category-nachfolge"],"jetpack_featured_media_url":"https:\/\/i0.wp.com\/www.projekt-kirche.de\/wp-content\/uploads\/2023\/09\/image_editor_output_image-1066614496-1696061583596.jpg?fit=469%2C331&ssl=1","jetpack_shortlink":"https:\/\/wp.me\/p4Sdv6-2zP","jetpack_sharing_enabled":true,"_links":{"self":[{"href":"https:\/\/www.projekt-kirche.de\/index.php?rest_route=\/wp\/v2\/posts\/9909","targetHints":{"allow":["GET"]}}],"collection":[{"href":"https:\/\/www.projekt-kirche.de\/index.php?rest_route=\/wp\/v2\/posts"}],"about":[{"href":"https:\/\/www.projekt-kirche.de\/index.php?rest_route=\/wp\/v2\/types\/post"}],"author":[{"embeddable":true,"href":"https:\/\/www.projekt-kirche.de\/index.php?rest_route=\/wp\/v2\/users\/1"}],"replies":[{"embeddable":true,"href":"https:\/\/www.projekt-kirche.de\/index.php?rest_route=%2Fwp%2Fv2%2Fcomments&post=9909"}],"version-history":[{"count":5,"href":"https:\/\/www.projekt-kirche.de\/index.php?rest_route=\/wp\/v2\/posts\/9909\/revisions"}],"predecessor-version":[{"id":9916,"href":"https:\/\/www.projekt-kirche.de\/index.php?rest_route=\/wp\/v2\/posts\/9909\/revisions\/9916"}],"wp:featuredmedia":[{"embeddable":true,"href":"https:\/\/www.projekt-kirche.de\/index.php?rest_route=\/wp\/v2\/media\/9913"}],"wp:attachment":[{"href":"https:\/\/www.projekt-kirche.de\/index.php?rest_route=%2Fwp%2Fv2%2Fmedia&parent=9909"}],"wp:term":[{"taxonomy":"category","embeddable":true,"href":"https:\/\/www.projekt-kirche.de\/index.php?rest_route=%2Fwp%2Fv2%2Fcategories&post=9909"},{"taxonomy":"post_tag","embeddable":true,"href":"https:\/\/www.projekt-kirche.de\/index.php?rest_route=%2Fwp%2Fv2%2Ftags&post=9909"}],"curies":[{"name":"wp","href":"https:\/\/api.w.org\/{rel}","templated":true}]}}