{"id":9917,"date":"2023-10-22T18:33:20","date_gmt":"2023-10-22T16:33:20","guid":{"rendered":"https:\/\/www.projekt-kirche.de\/?p=9917"},"modified":"2023-12-31T22:15:42","modified_gmt":"2023-12-31T21:15:42","slug":"was-bedeutet-eigentlich-katholisch","status":"publish","type":"post","link":"https:\/\/www.projekt-kirche.de\/?p=9917","title":{"rendered":"Was bedeutet eigentlich &#8220;katholisch&#8221;?"},"content":{"rendered":"<div class=\"shariff\" data-title=\"Was bedeutet eigentlich &#8220;katholisch&#8221;?\" data-info-url=\"http:\/\/ct.de\/-2467514\" data-backend-url=\"https:\/\/www.projekt-kirche.de\/wp-content\/plugins\/shariff-sharing\/backend\/index.php\" data-temp=\"\/tmp\" data-ttl=\"60\" data-service=\"gftr\" data-services='[\"googleplus\",\"facebook\",\"twitter\",\"reddit\",\"info\"]' data-image=\"\" data-url=\"https:\/\/www.projekt-kirche.de\/?p=9917\" data-lang=\"de\" data-theme=\"colored\" data-orientation=\"horizontal\"><\/div>\n<p>Es gibt ja teilweise sehr verschiedene Meinungen, was im christlichen Kontext &#8220;katholisch&#8221; bedeutet. &#8220;R\u00f6misch-katholisch&#8221; als Konfession oder gar &#8220;allumfassend&#8221;, d. h. &#8220;alle Christen jeglichen (konfessionellen) Glaubens umfassend&#8221;? <\/p>\n\n\n\n<!--more-->\n\n\n\n<p>Nachdem sich ja so gut wie alle Christen aller Konfessionen auf das <a href=\"https:\/\/de.m.wikipedia.org\/wiki\/Apostolisches_Glaubensbekenntnis\">apostolische Glaubensbekenntnis <\/a>(<a href=\"https:\/\/www.kathpedia.com\/index.php\/Apostolisches_Glaubensbekenntnis#:~:text=Das%20Apostolische%20Glaubensbekenntnis%20(lat.,Petrus%E2%80%8E%20Thalwil%202021%2C%20S.\">ca. 2. Jh. n. Chr.<\/a> bzw. sp\u00e4testens 5.Jh. n. Chr.) als Grundlage ihres Glaubens einigen k\u00f6nnen, muss man jedoch fragen was unter dem Glaubenssatz &#8220;ich glaube&#8230; die heilige katholische Kirche&#8221; eigentlich konkret gemeint ist.<\/p>\n\n\n\n<p>Ganz offensichtlich verstehen evangelische bzw. protestantische Christen darunter ja nicht die heutige r\u00f6misch-katholische Kirche.<\/p>\n\n\n\n<p>Aber was ist dann unter &#8220;katholisch&#8221; (bzw. &#8220;Katholizit\u00e4t&#8221;) zu verstehen und zwar weniger rein sprachlich, sondern mehr was die Kirche damals tats\u00e4chlich darunter verstanden hat?<\/p>\n\n\n\n<p>Ich finde, dass das Wikipedia im folgenden Zitat sehr treffend und kurz gefasst beschrieben hat:<\/p>\n\n\n\n<blockquote class=\"wp-block-quote is-layout-flow wp-block-quote-is-layout-flow\">\n<p>Die Entwicklung des Begriffs [Katholizit\u00e4t] fasst&nbsp;<a href=\"https:\/\/de.m.wikipedia.org\/wiki\/Kyrill_von_Jerusalem\">Kyrill von Jerusalem<\/a>&nbsp;im vierten Jahrhundert in seiner&nbsp;<em>Katechese an die T\u00e4uflinge<\/em><sup class=\"reference\"><a href=\"https:\/\/de.m.wikipedia.org\/wiki\/Katholizit%C3%A4t?fbclid=IwAR11VtXyqzqh5RPOcLiFT0fQy4VmL7qQyYaImwDGTI9YntopO9krQmi-Ous#cite_note-13\">[13]<\/a><\/sup>&nbsp;zusammen: \u201e[Die Kirche] wird also katholisch genannt, weil sie in der ganzen \u00d6kumene vom (einen) Ende bis ans (andere) Ende der Erde ist und weil sie umfassend und l\u00fcckenlos alle Dogmen lehrt, die zur Kenntnis der Menschen gelangen m\u00fcssen.\u201c Er verweist dabei ausdr\u00fccklich auf eine innere, qualitative Bedeutung (Rechtgl\u00e4ubigkeit) und eine \u00e4u\u00dfere, quantitative Bedeutung (Globalit\u00e4t).<sup class=\"reference\"><a href=\"https:\/\/de.m.wikipedia.org\/wiki\/Katholizit%C3%A4t?fbclid=IwAR11VtXyqzqh5RPOcLiFT0fQy4VmL7qQyYaImwDGTI9YntopO9krQmi-Ous#cite_note-m%C3%BCller:orthodox:etymologie:41-14\">[14]<\/a><\/sup>&nbsp;\u201ekatholisch\u201c dr\u00fcckte damit sowohl den rechten Glauben im Gegensatz zur&nbsp;<a href=\"https:\/\/de.m.wikipedia.org\/wiki\/H%C3%A4resie\">H\u00e4resie<\/a>&nbsp;als auch die organisatorische Einheit im Gegensatz zum&nbsp;<a href=\"https:\/\/de.m.wikipedia.org\/wiki\/Schisma\">Schisma<\/a>&nbsp;aus.<sup class=\"reference\"><a href=\"https:\/\/de.m.wikipedia.org\/wiki\/Katholizit%C3%A4t?fbclid=IwAR11VtXyqzqh5RPOcLiFT0fQy4VmL7qQyYaImwDGTI9YntopO9krQmi-Ous#cite_note-15\">[15]<\/a><\/sup>&nbsp;Diese erweiterte Bedeutung hatte sich ab der zweiten H\u00e4lfte des zweiten Jahrhunderts entwickelt und wurde damit begr\u00fcndet, dass sich die katholische Kirche auf die Verk\u00fcndigung der ganze Wahrheit und Repr\u00e4sentation der ganzen Kirche berufen kann, w\u00e4hrend H\u00e4resien durch die \u00dcberbewertung einzelner Wahrheiten entstehen und in erster Linie lokal auftreten.<sup class=\"reference\"><a href=\"https:\/\/de.m.wikipedia.org\/wiki\/Katholizit%C3%A4t?fbclid=IwAR11VtXyqzqh5RPOcLiFT0fQy4VmL7qQyYaImwDGTI9YntopO9krQmi-Ous#cite_note-srawley-8\">[8]<\/a><\/sup>&nbsp;Die Bezeichnung \u201ekatholische Kirche\u201c entwickelte sich damit zu einem Eigennamen f\u00fcr die wahre durch Jesus Christus gegr\u00fcndete Kirche in Abgrenzung gegen\u00fcber&nbsp;<a class=\"mw-redirect\" href=\"https:\/\/de.m.wikipedia.org\/wiki\/Sondergemeinschaft\">Sondergemeinschaften<\/a>.<sup class=\"reference\"><a href=\"https:\/\/de.m.wikipedia.org\/wiki\/Katholizit%C3%A4t?fbclid=IwAR11VtXyqzqh5RPOcLiFT0fQy4VmL7qQyYaImwDGTI9YntopO9krQmi-Ous#cite_note-cathencyclopedia:catholic-3\">[3]<\/a><\/sup><\/p>\n<cite>Wikipedia, <a href=\"https:\/\/de.m.wikipedia.org\/wiki\/Katholizit%C3%A4t?fbclid=IwAR11VtXyqzqh5RPOcLiFT0fQy4VmL7qQyYaImwDGTI9YntopO9krQmi-Ous\">Artikel &#8220;Katholizit\u00e4t&#8221;<\/a>, abgerufen <span class=\"nolink\">am 10.10.2023<\/span><\/cite><\/blockquote>\n","protected":false},"excerpt":{"rendered":"<p>Es gibt ja teilweise sehr verschiedene Meinungen, was im christlichen Kontext &#8220;katholisch&#8221; bedeutet. &#8220;R\u00f6misch-katholisch&#8221; als Konfession oder gar &#8220;allumfassend&#8221;, d. h. &#8220;alle Christen jeglichen (konfessionellen) Glaubens umfassend&#8221;?<\/p>\n","protected":false},"author":1,"featured_media":9935,"comment_status":"open","ping_status":"open","sticky":false,"template":"","format":"standard","meta":{"jetpack_post_was_ever_published":false,"_jetpack_newsletter_access":"","_jetpack_dont_email_post_to_subs":false,"_jetpack_newsletter_tier_id":0,"_jetpack_memberships_contains_paywalled_content":false,"_jetpack_memberships_contains_paid_content":false,"footnotes":""},"categories":[3,9,41,44],"tags":[337,353],"class_list":["post-9917","post","type-post","status-publish","format-standard","has-post-thumbnail","hentry","category-christentum","category-einheit","category-katholische-kirche","category-kirche","tag-katholisch","tag-katholizitaet"],"jetpack_featured_media_url":"https:\/\/i0.wp.com\/www.projekt-kirche.de\/wp-content\/uploads\/2023\/10\/image_editor_output_image-1336434801-1697992520735.jpg?fit=1895%2C829&ssl=1","jetpack_shortlink":"https:\/\/wp.me\/p4Sdv6-2zX","jetpack_sharing_enabled":true,"_links":{"self":[{"href":"https:\/\/www.projekt-kirche.de\/index.php?rest_route=\/wp\/v2\/posts\/9917","targetHints":{"allow":["GET"]}}],"collection":[{"href":"https:\/\/www.projekt-kirche.de\/index.php?rest_route=\/wp\/v2\/posts"}],"about":[{"href":"https:\/\/www.projekt-kirche.de\/index.php?rest_route=\/wp\/v2\/types\/post"}],"author":[{"embeddable":true,"href":"https:\/\/www.projekt-kirche.de\/index.php?rest_route=\/wp\/v2\/users\/1"}],"replies":[{"embeddable":true,"href":"https:\/\/www.projekt-kirche.de\/index.php?rest_route=%2Fwp%2Fv2%2Fcomments&post=9917"}],"version-history":[{"count":17,"href":"https:\/\/www.projekt-kirche.de\/index.php?rest_route=\/wp\/v2\/posts\/9917\/revisions"}],"predecessor-version":[{"id":9979,"href":"https:\/\/www.projekt-kirche.de\/index.php?rest_route=\/wp\/v2\/posts\/9917\/revisions\/9979"}],"wp:featuredmedia":[{"embeddable":true,"href":"https:\/\/www.projekt-kirche.de\/index.php?rest_route=\/wp\/v2\/media\/9935"}],"wp:attachment":[{"href":"https:\/\/www.projekt-kirche.de\/index.php?rest_route=%2Fwp%2Fv2%2Fmedia&parent=9917"}],"wp:term":[{"taxonomy":"category","embeddable":true,"href":"https:\/\/www.projekt-kirche.de\/index.php?rest_route=%2Fwp%2Fv2%2Fcategories&post=9917"},{"taxonomy":"post_tag","embeddable":true,"href":"https:\/\/www.projekt-kirche.de\/index.php?rest_route=%2Fwp%2Fv2%2Ftags&post=9917"}],"curies":[{"name":"wp","href":"https:\/\/api.w.org\/{rel}","templated":true}]}}