{"id":9994,"date":"2024-04-14T18:30:50","date_gmt":"2024-04-14T16:30:50","guid":{"rendered":"https:\/\/www.projekt-kirche.de\/?p=9994"},"modified":"2024-04-14T18:36:11","modified_gmt":"2024-04-14T16:36:11","slug":"gott-lieben","status":"publish","type":"post","link":"https:\/\/www.projekt-kirche.de\/?p=9994","title":{"rendered":"Gott lieben!"},"content":{"rendered":"<div class=\"shariff\" data-title=\"Gott lieben!\" data-info-url=\"http:\/\/ct.de\/-2467514\" data-backend-url=\"https:\/\/www.projekt-kirche.de\/wp-content\/plugins\/shariff-sharing\/backend\/index.php\" data-temp=\"\/tmp\" data-ttl=\"60\" data-service=\"gftr\" data-services='[\"googleplus\",\"facebook\",\"twitter\",\"reddit\",\"info\"]' data-image=\"\" data-url=\"https:\/\/www.projekt-kirche.de\/?p=9994\" data-lang=\"de\" data-theme=\"colored\" data-orientation=\"horizontal\"><\/div>\n<p>Gott wahrhaftig lieben und nicht nur (wegen) seine(r) Gaben&#8230;<\/p>\n\n\n\n<p>Das ist das h\u00f6chste Gebot: Gott zu lieben!<\/p>\n\n\n\n<p>Gregor von Narek (um 944-um 1010), armenischer M\u00f6nch und Dichter, dr\u00fcckt dies so aus:<\/p>\n\n\n\n<!--more-->\n\n\n\n<blockquote class=\"wp-block-quote is-layout-flow wp-block-quote-is-layout-flow\">\n<p>\u201eJeder, der den Namen des Herrn anruft,<br \/>wird gerettet werden\u201c (vgl. <a href=\"https:\/\/www.bibleserver.com\/NLB\/Joel3%2C5\" class=\"bibleserver extern\" target=\"_blank\" rel=\"noopener\">Joel 3,5<\/a>; <a href=\"https:\/\/www.bibleserver.com\/NLB\/R%C3%B6mer10%2C13\" class=\"bibleserver extern\" target=\"_blank\" rel=\"noopener\">R\u00f6m 10,13<\/a>).<br \/>Ich selber rufe ihn nicht nur an,<br \/>sondern glaube vor allem an seine Gr\u00f6\u00dfe.<\/p>\n\n\n\n<p>Nicht um seiner Geschenke willen<br \/>verharre ich in meinem Flehen,<br \/>sondern weil er das wahre Leben ist<br \/>und ich in ihm atme;<br \/>ohne ihn gibt es kein Bewegen und kein Fortschreiten.<\/p>\n\n\n\n<p>Nicht so sehr durch die Bande der Hoffnung,<br \/>vielmehr durch die Bande der Liebe werde ich angezogen.<br \/>Nicht die Gaben sind es,<br \/>sondern der Geber, nach dem ich mich immer sehne.<br \/>Nicht Herrlichkeit ist es, wonach ich lechze,<br \/>sondern den verherrlichten Herrn will ich umarmen.<br \/>Nicht der Durst nach Leben ist es, der mich immer wieder verzehrt,<br \/>sondern das Gedenken an den, der das Leben gibt.<\/p>\n\n\n\n<p>Nicht das Verlangen nach Gl\u00fcck ist es, wonach ich seufze,<br \/>und aus tiefstem Herzen in Tr\u00e4nen ausbreche,<br \/>sondern das Verlangen nach dem, der es bereitet.<br \/>Nicht die Ruhe ist es, wonach ich suche,<br \/>sondern das Antlitz dessen, der mein flehendes Herz beruhigt.<br \/>Nicht nach dem Hochzeitsmahl schmachte ich,<br \/>sondern nach dem Br\u00e4utigam.<\/p>\n\n\n\n<p>In der sicheren Erwartung seiner Macht<br \/>glaube ich, trotz der Last meiner S\u00fcnden,<br \/>mit unersch\u00fctterlicher Hoffnung<br \/>und vertraue mich der Hand des Allm\u00e4chtigen an,<br \/>dass ich nicht nur Vergebung erlangen,<br \/>sondern ihn selbst sehen werde,<br \/>dank seines Erbarmens und Mitleids;<br \/>und dass ich den Himmel erben werde,<br \/>obwohl ich es durchaus verdient habe, verworfen zu werden.<\/p>\n<cite>Das Buch der Gebete, 12,1 (zitiert aus <a href=\"http:\/\/www.evangeliumtagfuertag.org\">Evangelium Tag f\u00fcr Tag<\/a>) <\/cite><\/blockquote>\n","protected":false},"excerpt":{"rendered":"<p>Gott wahrhaftig lieben und nicht nur (wegen) seine(r) Gaben&#8230; Das ist das h\u00f6chste Gebot: Gott zu lieben! Gregor von Narek (um 944-um 1010), armenischer M\u00f6nch und Dichter, dr\u00fcckt dies so aus:<\/p>\n","protected":false},"author":1,"featured_media":10006,"comment_status":"open","ping_status":"open","sticky":false,"template":"","format":"standard","meta":{"jetpack_post_was_ever_published":false,"_jetpack_newsletter_access":"","_jetpack_dont_email_post_to_subs":false,"_jetpack_newsletter_tier_id":0,"_jetpack_memberships_contains_paywalled_content":false,"_jetpack_memberships_contains_paid_content":false,"footnotes":""},"categories":[358,29],"tags":[],"class_list":["post-9994","post","type-post","status-publish","format-standard","has-post-thumbnail","hentry","category-anbetung","category-gott"],"jetpack_featured_media_url":"https:\/\/i0.wp.com\/www.projekt-kirche.de\/wp-content\/uploads\/2024\/04\/image_editor_output_image-471277997-1713112543393.jpg?fit=449%2C243&ssl=1","jetpack_shortlink":"https:\/\/wp.me\/p4Sdv6-2Bc","jetpack_sharing_enabled":true,"_links":{"self":[{"href":"https:\/\/www.projekt-kirche.de\/index.php?rest_route=\/wp\/v2\/posts\/9994","targetHints":{"allow":["GET"]}}],"collection":[{"href":"https:\/\/www.projekt-kirche.de\/index.php?rest_route=\/wp\/v2\/posts"}],"about":[{"href":"https:\/\/www.projekt-kirche.de\/index.php?rest_route=\/wp\/v2\/types\/post"}],"author":[{"embeddable":true,"href":"https:\/\/www.projekt-kirche.de\/index.php?rest_route=\/wp\/v2\/users\/1"}],"replies":[{"embeddable":true,"href":"https:\/\/www.projekt-kirche.de\/index.php?rest_route=%2Fwp%2Fv2%2Fcomments&post=9994"}],"version-history":[{"count":7,"href":"https:\/\/www.projekt-kirche.de\/index.php?rest_route=\/wp\/v2\/posts\/9994\/revisions"}],"predecessor-version":[{"id":10003,"href":"https:\/\/www.projekt-kirche.de\/index.php?rest_route=\/wp\/v2\/posts\/9994\/revisions\/10003"}],"wp:featuredmedia":[{"embeddable":true,"href":"https:\/\/www.projekt-kirche.de\/index.php?rest_route=\/wp\/v2\/media\/10006"}],"wp:attachment":[{"href":"https:\/\/www.projekt-kirche.de\/index.php?rest_route=%2Fwp%2Fv2%2Fmedia&parent=9994"}],"wp:term":[{"taxonomy":"category","embeddable":true,"href":"https:\/\/www.projekt-kirche.de\/index.php?rest_route=%2Fwp%2Fv2%2Fcategories&post=9994"},{"taxonomy":"post_tag","embeddable":true,"href":"https:\/\/www.projekt-kirche.de\/index.php?rest_route=%2Fwp%2Fv2%2Ftags&post=9994"}],"curies":[{"name":"wp","href":"https:\/\/api.w.org\/{rel}","templated":true}]}}